{"id":1660,"date":"2022-05-30T22:01:27","date_gmt":"2022-05-30T22:01:27","guid":{"rendered":"https:\/\/www.akram.pt\/web\/?p=1660"},"modified":"2022-06-29T22:53:46","modified_gmt":"2022-06-29T22:53:46","slug":"k-day-funchal","status":"publish","type":"post","link":"https:\/\/www.akram.pt\/web\/2022\/05\/k-day-funchal\/","title":{"rendered":"K-Day Funchal"},"content":{"rendered":"\n<p class=\"wp-block-paragraph\">A AKRAM organiza no dia 01 de junho um mega evento de karate em Parceria com o Col\u00e9gio Santa Teresinha.<\/p>\n\n\n<div class=\"wp-block-image\">\n<figure class=\"aligncenter size-large is-resized\"><img loading=\"lazy\" decoding=\"async\" data-attachment-id=\"1661\" data-permalink=\"https:\/\/www.akram.pt\/web\/2022\/05\/k-day-funchal\/b98908a8-6359-4c87-92b4-8e0712e35191\/#main\" data-orig-file=\"https:\/\/i0.wp.com\/www.akram.pt\/web\/wp-content\/uploads\/2022\/05\/B98908A8-6359-4C87-92B4-8E0712E35191.jpeg?fit=2048%2C2048&amp;ssl=1\" data-orig-size=\"2048,2048\" data-comments-opened=\"0\" data-image-meta=\"{&quot;aperture&quot;:&quot;0&quot;,&quot;credit&quot;:&quot;&quot;,&quot;camera&quot;:&quot;&quot;,&quot;caption&quot;:&quot;&quot;,&quot;created_timestamp&quot;:&quot;0&quot;,&quot;copyright&quot;:&quot;&quot;,&quot;focal_length&quot;:&quot;0&quot;,&quot;iso&quot;:&quot;0&quot;,&quot;shutter_speed&quot;:&quot;0&quot;,&quot;title&quot;:&quot;&quot;,&quot;orientation&quot;:&quot;1&quot;}\" data-image-title=\"B98908A8-6359-4C87-92B4-8E0712E35191\" data-image-description=\"\" data-image-caption=\"\" data-large-file=\"https:\/\/i0.wp.com\/www.akram.pt\/web\/wp-content\/uploads\/2022\/05\/B98908A8-6359-4C87-92B4-8E0712E35191.jpeg?fit=1024%2C1024&amp;ssl=1\" src=\"https:\/\/i0.wp.com\/www.akram.pt\/web\/wp-content\/uploads\/2022\/05\/B98908A8-6359-4C87-92B4-8E0712E35191.jpeg?fit=1024%2C1024&amp;ssl=1\" alt=\"K-Day Funchal\" class=\"wp-image-1661\" width=\"512\" height=\"512\" srcset=\"https:\/\/i0.wp.com\/www.akram.pt\/web\/wp-content\/uploads\/2022\/05\/B98908A8-6359-4C87-92B4-8E0712E35191.jpeg?w=2048&amp;ssl=1 2048w, https:\/\/i0.wp.com\/www.akram.pt\/web\/wp-content\/uploads\/2022\/05\/B98908A8-6359-4C87-92B4-8E0712E35191.jpeg?resize=300%2C300&amp;ssl=1 300w, https:\/\/i0.wp.com\/www.akram.pt\/web\/wp-content\/uploads\/2022\/05\/B98908A8-6359-4C87-92B4-8E0712E35191.jpeg?resize=1024%2C1024&amp;ssl=1 1024w, https:\/\/i0.wp.com\/www.akram.pt\/web\/wp-content\/uploads\/2022\/05\/B98908A8-6359-4C87-92B4-8E0712E35191.jpeg?resize=150%2C150&amp;ssl=1 150w, https:\/\/i0.wp.com\/www.akram.pt\/web\/wp-content\/uploads\/2022\/05\/B98908A8-6359-4C87-92B4-8E0712E35191.jpeg?resize=768%2C768&amp;ssl=1 768w, https:\/\/i0.wp.com\/www.akram.pt\/web\/wp-content\/uploads\/2022\/05\/B98908A8-6359-4C87-92B4-8E0712E35191.jpeg?resize=1536%2C1536&amp;ssl=1 1536w, https:\/\/i0.wp.com\/www.akram.pt\/web\/wp-content\/uploads\/2022\/05\/B98908A8-6359-4C87-92B4-8E0712E35191.jpeg?resize=120%2C120&amp;ssl=1 120w, https:\/\/i0.wp.com\/www.akram.pt\/web\/wp-content\/uploads\/2022\/05\/B98908A8-6359-4C87-92B4-8E0712E35191.jpeg?resize=105%2C105&amp;ssl=1 105w, https:\/\/i0.wp.com\/www.akram.pt\/web\/wp-content\/uploads\/2022\/05\/B98908A8-6359-4C87-92B4-8E0712E35191.jpeg?resize=570%2C570&amp;ssl=1 570w, https:\/\/i0.wp.com\/www.akram.pt\/web\/wp-content\/uploads\/2022\/05\/B98908A8-6359-4C87-92B4-8E0712E35191.jpeg?resize=380%2C380&amp;ssl=1 380w, https:\/\/i0.wp.com\/www.akram.pt\/web\/wp-content\/uploads\/2022\/05\/B98908A8-6359-4C87-92B4-8E0712E35191.jpeg?resize=285%2C285&amp;ssl=1 285w\" sizes=\"auto, (max-width: 512px) 100vw, 512px\" \/><\/figure>\n<\/div>\n\n\n<p class=\"wp-block-paragraph\">O objetivo \u00e9 comemorar o dia da crian\u00e7a, sob o tema &#8220;O apelo \u00e0 paz mundial e a uni\u00e3o dos povos&#8221;.<br>Este evento realiza-se na Pra\u00e7a CR7 e conta com o apoio da C\u00e2mara Municipal do Funchal e Sociedade Metropolitana de Desenvolvimento.<\/p>\n\n\n\n<p class=\"wp-block-paragraph\"><b>PROGRAMA:<\/b><br>09h00 \u2013 Montagem do Evento (Pra\u00e7a CR7)<br>10h20 \u00e0s 10h50 \u2013 Aula Karat\u00e9 Pr\u00e9-Escolar ao 1\u00ba Ano &#8211; 6 turmas (entre as 10h50 e as 11h20<br>estes alunos estar\u00e3o no insufl\u00e1vel e jogos tradicionais)<br>10h50 \u00e0s 11h20 \u2013 Aula Karat\u00e9 2\u00ba ao 4\u00ba Ano &#8211; 9 turmas<br>11h20 \u2013 Presen\u00e7a das Entidades Convidadas<br>Presen\u00e7a do Exmo. Sr. Presidente da C\u00e2mara do Funchal Dr. Pedro Calado<br>Presen\u00e7a do Exmo. Sr. Secret\u00e1rio Regional da Educa\u00e7\u00e3o Dr. Jorge Carvalho<br>Presen\u00e7a da Exma. Sra. Presidente da Sociedade M. de Desenvolvimento Dra. Nivalda Gon\u00e7alves<br>Presen\u00e7a do Exmo. Sr. Diretor da Dire\u00e7\u00e3o Regional do Desporto Dr. David Gomes<br>11h30 \u2013 Mega Demonstra\u00e7\u00e3o Kata (todos os alunos Pr\u00e9 e 1\u00ba Ciclo \u2013 cerca de 400 alunos &#8211; realiza\u00e7\u00e3o do Kata &#8211; Taikyoku Shodan)<br>11h35 \u2013 Fecho do evento \/ Hino da Paz \/ \u201cBolinhas de Sab\u00e3o\u201d<br>11h45 \u2013 Prepara\u00e7\u00e3o para a sa\u00edda dos alunos da Pra\u00e7a CR7<br>12h00 \u2013 Desmontagem do Evento<\/p>\n","protected":false},"excerpt":{"rendered":"<p>A AKRAM organiza no dia 01 de junho um mega evento de karate em Parceria com o Col\u00e9gio Santa Teresinha. O objetivo \u00e9 comemorar o dia da crian\u00e7a, sob o tema &#8220;O apelo \u00e0 paz mundial e a uni\u00e3o dos povos&#8221;.Este evento realiza-se na Pra\u00e7a CR7 e conta com o apoio da C\u00e2mara Municipal do<\/p>\n<p class=\"more-link\"><a href=\"https:\/\/www.akram.pt\/web\/2022\/05\/k-day-funchal\/\" class=\"themebutton\">Read More<\/a><\/p>\n","protected":false},"author":2,"featured_media":1661,"comment_status":"closed","ping_status":"open","sticky":false,"template":"","format":"standard","meta":{"_crdt_document":"","_jetpack_memberships_contains_paid_content":false,"footnotes":""},"categories":[7,4],"tags":[],"class_list":["post-1660","post","type-post","status-publish","format-standard","has-post-thumbnail","hentry","category-actividades","category-noticias"],"jetpack_featured_media_url":"https:\/\/i0.wp.com\/www.akram.pt\/web\/wp-content\/uploads\/2022\/05\/B98908A8-6359-4C87-92B4-8E0712E35191.jpeg?fit=2048%2C2048&ssl=1","jetpack_sharing_enabled":true,"_links":{"self":[{"href":"https:\/\/www.akram.pt\/web\/wp-json\/wp\/v2\/posts\/1660","targetHints":{"allow":["GET"]}}],"collection":[{"href":"https:\/\/www.akram.pt\/web\/wp-json\/wp\/v2\/posts"}],"about":[{"href":"https:\/\/www.akram.pt\/web\/wp-json\/wp\/v2\/types\/post"}],"author":[{"embeddable":true,"href":"https:\/\/www.akram.pt\/web\/wp-json\/wp\/v2\/users\/2"}],"replies":[{"embeddable":true,"href":"https:\/\/www.akram.pt\/web\/wp-json\/wp\/v2\/comments?post=1660"}],"version-history":[{"count":1,"href":"https:\/\/www.akram.pt\/web\/wp-json\/wp\/v2\/posts\/1660\/revisions"}],"predecessor-version":[{"id":1662,"href":"https:\/\/www.akram.pt\/web\/wp-json\/wp\/v2\/posts\/1660\/revisions\/1662"}],"wp:featuredmedia":[{"embeddable":true,"href":"https:\/\/www.akram.pt\/web\/wp-json\/wp\/v2\/media\/1661"}],"wp:attachment":[{"href":"https:\/\/www.akram.pt\/web\/wp-json\/wp\/v2\/media?parent=1660"}],"wp:term":[{"taxonomy":"category","embeddable":true,"href":"https:\/\/www.akram.pt\/web\/wp-json\/wp\/v2\/categories?post=1660"},{"taxonomy":"post_tag","embeddable":true,"href":"https:\/\/www.akram.pt\/web\/wp-json\/wp\/v2\/tags?post=1660"}],"curies":[{"name":"wp","href":"https:\/\/api.w.org\/{rel}","templated":true}]}}