{"id":1667,"date":"2022-06-07T08:49:00","date_gmt":"2022-06-07T08:49:00","guid":{"rendered":"https:\/\/www.akram.pt\/web\/?p=1667"},"modified":"2022-06-29T22:52:54","modified_gmt":"2022-06-29T22:52:54","slug":"acao-de-formacao-a-pedagogia-e-a-gestao-no-processo-de-treino-desportivo-de-excelencia","status":"publish","type":"post","link":"https:\/\/www.akram.pt\/web\/2022\/06\/acao-de-formacao-a-pedagogia-e-a-gestao-no-processo-de-treino-desportivo-de-excelencia\/","title":{"rendered":"A\u00e7\u00e3o de Forma\u00e7\u00e3o &#8220;A Pedagogia e a gest\u00e3o no processo de treino desportivo de excel\u00eancia&#8221;"},"content":{"rendered":"\n<p>Integrado no Projeto de Praticantes de Elevado Potencial para o Ciclo Ol\u00edmpico 2021\/2024, realiza-se mais uma A\u00e7\u00e3o de Forma\u00e7\u00e3o j\u00e1 no pr\u00f3ximo fim de semana, 11 e 12 de junho no Pavilh\u00e3o do Cani\u00e7o.<\/p>\n\n\n<div class=\"wp-block-image\">\n<figure class=\"aligncenter size-medium\"><img loading=\"lazy\" decoding=\"async\" width=\"1500\" height=\"1500\" data-attachment-id=\"1666\" data-permalink=\"https:\/\/www.akram.pt\/web\/acao_de_formacao_joaquimg_nunoc_a_pedagogia_e_a_gestao_no_processo_de_treino_desportivo_de_excelencia_2021-2022\/\" data-orig-file=\"https:\/\/i0.wp.com\/www.akram.pt\/web\/wp-content\/uploads\/2022\/06\/Acao_de_Formacao_JoaquimG_NunoC_A_Pedagogia_e_a_gestao_no_processo_de_treino_desportivo_de_excelencia_2021-2022.jpg?fit=1500%2C1500&amp;ssl=1\" data-orig-size=\"1500,1500\" data-comments-opened=\"0\" data-image-meta=\"{&quot;aperture&quot;:&quot;0&quot;,&quot;credit&quot;:&quot;&quot;,&quot;camera&quot;:&quot;&quot;,&quot;caption&quot;:&quot;&quot;,&quot;created_timestamp&quot;:&quot;1630630004&quot;,&quot;copyright&quot;:&quot;&quot;,&quot;focal_length&quot;:&quot;0&quot;,&quot;iso&quot;:&quot;0&quot;,&quot;shutter_speed&quot;:&quot;0&quot;,&quot;title&quot;:&quot;&quot;,&quot;orientation&quot;:&quot;1&quot;}\" data-image-title=\"Acao_de_Formacao_JoaquimG_NunoC_A_Pedagogia_e_a_gestao_no_processo_de_treino_desportivo_de_excelencia_2021-2022\" data-image-description=\"\" data-image-caption=\"\" data-large-file=\"https:\/\/i0.wp.com\/www.akram.pt\/web\/wp-content\/uploads\/2022\/06\/Acao_de_Formacao_JoaquimG_NunoC_A_Pedagogia_e_a_gestao_no_processo_de_treino_desportivo_de_excelencia_2021-2022.jpg?fit=1024%2C1024&amp;ssl=1\" src=\"https:\/\/i0.wp.com\/www.akram.pt\/web\/wp-content\/uploads\/2022\/06\/Acao_de_Formacao_JoaquimG_NunoC_A_Pedagogia_e_a_gestao_no_processo_de_treino_desportivo_de_excelencia_2021-2022.jpg?fit=300%2C300&amp;ssl=1\" alt=\"\" class=\"wp-image-1666\" srcset=\"https:\/\/i0.wp.com\/www.akram.pt\/web\/wp-content\/uploads\/2022\/06\/Acao_de_Formacao_JoaquimG_NunoC_A_Pedagogia_e_a_gestao_no_processo_de_treino_desportivo_de_excelencia_2021-2022.jpg?w=1500&amp;ssl=1 1500w, https:\/\/i0.wp.com\/www.akram.pt\/web\/wp-content\/uploads\/2022\/06\/Acao_de_Formacao_JoaquimG_NunoC_A_Pedagogia_e_a_gestao_no_processo_de_treino_desportivo_de_excelencia_2021-2022.jpg?resize=300%2C300&amp;ssl=1 300w, https:\/\/i0.wp.com\/www.akram.pt\/web\/wp-content\/uploads\/2022\/06\/Acao_de_Formacao_JoaquimG_NunoC_A_Pedagogia_e_a_gestao_no_processo_de_treino_desportivo_de_excelencia_2021-2022.jpg?resize=1024%2C1024&amp;ssl=1 1024w, https:\/\/i0.wp.com\/www.akram.pt\/web\/wp-content\/uploads\/2022\/06\/Acao_de_Formacao_JoaquimG_NunoC_A_Pedagogia_e_a_gestao_no_processo_de_treino_desportivo_de_excelencia_2021-2022.jpg?resize=150%2C150&amp;ssl=1 150w, https:\/\/i0.wp.com\/www.akram.pt\/web\/wp-content\/uploads\/2022\/06\/Acao_de_Formacao_JoaquimG_NunoC_A_Pedagogia_e_a_gestao_no_processo_de_treino_desportivo_de_excelencia_2021-2022.jpg?resize=768%2C768&amp;ssl=1 768w, https:\/\/i0.wp.com\/www.akram.pt\/web\/wp-content\/uploads\/2022\/06\/Acao_de_Formacao_JoaquimG_NunoC_A_Pedagogia_e_a_gestao_no_processo_de_treino_desportivo_de_excelencia_2021-2022.jpg?resize=120%2C120&amp;ssl=1 120w, https:\/\/i0.wp.com\/www.akram.pt\/web\/wp-content\/uploads\/2022\/06\/Acao_de_Formacao_JoaquimG_NunoC_A_Pedagogia_e_a_gestao_no_processo_de_treino_desportivo_de_excelencia_2021-2022.jpg?resize=105%2C105&amp;ssl=1 105w, https:\/\/i0.wp.com\/www.akram.pt\/web\/wp-content\/uploads\/2022\/06\/Acao_de_Formacao_JoaquimG_NunoC_A_Pedagogia_e_a_gestao_no_processo_de_treino_desportivo_de_excelencia_2021-2022.jpg?resize=570%2C570&amp;ssl=1 570w, https:\/\/i0.wp.com\/www.akram.pt\/web\/wp-content\/uploads\/2022\/06\/Acao_de_Formacao_JoaquimG_NunoC_A_Pedagogia_e_a_gestao_no_processo_de_treino_desportivo_de_excelencia_2021-2022.jpg?resize=380%2C380&amp;ssl=1 380w, https:\/\/i0.wp.com\/www.akram.pt\/web\/wp-content\/uploads\/2022\/06\/Acao_de_Formacao_JoaquimG_NunoC_A_Pedagogia_e_a_gestao_no_processo_de_treino_desportivo_de_excelencia_2021-2022.jpg?resize=285%2C285&amp;ssl=1 285w\" sizes=\"auto, (max-width: 1170px) 100vw, 1170px\" \/><\/figure>\n<\/div>\n\n\n<p>Esta forma\u00e7\u00e3o ser\u00e1 ministrada pelo Diretor T\u00e9cnico Nacional FNK-P Joaquim Gon\u00e7alves e pelo Psic\u00f3logo das Sele\u00e7\u00f5es Nacionais FNK-P, Sensei Nuno Cardoso.<\/p>\n","protected":false},"excerpt":{"rendered":"<p>Integrado no Projeto de Praticantes de Elevado Potencial para o Ciclo Ol\u00edmpico 2021\/2024, realiza-se mais uma A\u00e7\u00e3o de Forma\u00e7\u00e3o j\u00e1 no pr\u00f3ximo fim de semana, 11 e 12 de junho no Pavilh\u00e3o do Cani\u00e7o<\/p>\n","protected":false},"author":2,"featured_media":1666,"comment_status":"closed","ping_status":"open","sticky":false,"template":"","format":"standard","meta":{"_crdt_document":"","_jetpack_memberships_contains_paid_content":false,"footnotes":""},"categories":[7,4],"tags":[],"class_list":["post-1667","post","type-post","status-publish","format-standard","has-post-thumbnail","hentry","category-actividades","category-noticias"],"jetpack_featured_media_url":"https:\/\/i0.wp.com\/www.akram.pt\/web\/wp-content\/uploads\/2022\/06\/Acao_de_Formacao_JoaquimG_NunoC_A_Pedagogia_e_a_gestao_no_processo_de_treino_desportivo_de_excelencia_2021-2022.jpg?fit=1500%2C1500&ssl=1","jetpack_sharing_enabled":true,"_links":{"self":[{"href":"https:\/\/www.akram.pt\/web\/wp-json\/wp\/v2\/posts\/1667","targetHints":{"allow":["GET"]}}],"collection":[{"href":"https:\/\/www.akram.pt\/web\/wp-json\/wp\/v2\/posts"}],"about":[{"href":"https:\/\/www.akram.pt\/web\/wp-json\/wp\/v2\/types\/post"}],"author":[{"embeddable":true,"href":"https:\/\/www.akram.pt\/web\/wp-json\/wp\/v2\/users\/2"}],"replies":[{"embeddable":true,"href":"https:\/\/www.akram.pt\/web\/wp-json\/wp\/v2\/comments?post=1667"}],"version-history":[{"count":1,"href":"https:\/\/www.akram.pt\/web\/wp-json\/wp\/v2\/posts\/1667\/revisions"}],"predecessor-version":[{"id":1668,"href":"https:\/\/www.akram.pt\/web\/wp-json\/wp\/v2\/posts\/1667\/revisions\/1668"}],"wp:featuredmedia":[{"embeddable":true,"href":"https:\/\/www.akram.pt\/web\/wp-json\/wp\/v2\/media\/1666"}],"wp:attachment":[{"href":"https:\/\/www.akram.pt\/web\/wp-json\/wp\/v2\/media?parent=1667"}],"wp:term":[{"taxonomy":"category","embeddable":true,"href":"https:\/\/www.akram.pt\/web\/wp-json\/wp\/v2\/categories?post=1667"},{"taxonomy":"post_tag","embeddable":true,"href":"https:\/\/www.akram.pt\/web\/wp-json\/wp\/v2\/tags?post=1667"}],"curies":[{"name":"wp","href":"https:\/\/api.w.org\/{rel}","templated":true}]}}