{"id":1710,"date":"2022-10-18T09:37:42","date_gmt":"2022-10-18T09:37:42","guid":{"rendered":"https:\/\/www.akram.pt\/web\/?p=1710"},"modified":"2022-10-29T21:19:09","modified_gmt":"2022-10-29T21:19:09","slug":"1a-jornada-fase-de-apuramento-dojo-open-madeira-2022-23","status":"publish","type":"post","link":"https:\/\/www.akram.pt\/web\/2022\/10\/1a-jornada-fase-de-apuramento-dojo-open-madeira-2022-23\/","title":{"rendered":"1\u00aa Jornada Fase de Apuramento &#8211; Dojo &#8211; Open Madeira &#8211; 2022\/23"},"content":{"rendered":"\n<p>A AKRAM informa que est\u00e3o abertas as inscri\u00e7\u00f5es para a\u00a0<span class=\"m_-3212990404116010397s1\"><b>1\u00aa Jornada Fase Apuramento \u2013 Dojo\u00a0<\/b>que decorrer\u00e1 durante a pr\u00f3xima semana, de\u00a0<b>17 a 21 de outubro<\/b>\u00a0conforme calendarizado no\u00a0<b>calend\u00e1rio integrado da AKRAM 2022\/2023<\/b>.<\/span><\/p>\n\n\n<div class=\"wp-block-image\">\n<figure class=\"aligncenter size-large is-resized\"><img data-recalc-dims=\"1\" loading=\"lazy\" decoding=\"async\" data-attachment-id=\"1711\" data-permalink=\"https:\/\/www.akram.pt\/web\/2022\/10\/1a-jornada-fase-de-apuramento-dojo-open-madeira-2022-23\/1_faseapuramento_kata_inf-ini_-juv_-_2022-2023\/#main\" data-orig-file=\"https:\/\/i0.wp.com\/www.akram.pt\/web\/wp-content\/uploads\/2022\/10\/1_FaseApuramento_Kata_Inf.Ini_.Juv_._2022-2023.jpg?fit=1200%2C1200&amp;ssl=1\" data-orig-size=\"1200,1200\" data-comments-opened=\"0\" data-image-meta=\"{&quot;aperture&quot;:&quot;0&quot;,&quot;credit&quot;:&quot;&quot;,&quot;camera&quot;:&quot;&quot;,&quot;caption&quot;:&quot;&quot;,&quot;created_timestamp&quot;:&quot;1630630004&quot;,&quot;copyright&quot;:&quot;&quot;,&quot;focal_length&quot;:&quot;0&quot;,&quot;iso&quot;:&quot;0&quot;,&quot;shutter_speed&quot;:&quot;0&quot;,&quot;title&quot;:&quot;&quot;,&quot;orientation&quot;:&quot;1&quot;}\" data-image-title=\"1_FaseApuramento_Kata_Inf.Ini_.Juv_._2022-2023\" data-image-description=\"\" data-image-caption=\"\" data-large-file=\"https:\/\/i0.wp.com\/www.akram.pt\/web\/wp-content\/uploads\/2022\/10\/1_FaseApuramento_Kata_Inf.Ini_.Juv_._2022-2023.jpg?fit=1024%2C1024&amp;ssl=1\" src=\"https:\/\/i0.wp.com\/www.akram.pt\/web\/wp-content\/uploads\/2022\/10\/1_FaseApuramento_Kata_Inf.Ini_.Juv_._2022-2023.jpg?resize=512%2C512&#038;ssl=1\" alt=\"\" class=\"wp-image-1711\" width=\"512\" height=\"512\" srcset=\"https:\/\/i0.wp.com\/www.akram.pt\/web\/wp-content\/uploads\/2022\/10\/1_FaseApuramento_Kata_Inf.Ini_.Juv_._2022-2023.jpg?resize=1024%2C1024&amp;ssl=1 1024w, https:\/\/i0.wp.com\/www.akram.pt\/web\/wp-content\/uploads\/2022\/10\/1_FaseApuramento_Kata_Inf.Ini_.Juv_._2022-2023.jpg?resize=300%2C300&amp;ssl=1 300w, https:\/\/i0.wp.com\/www.akram.pt\/web\/wp-content\/uploads\/2022\/10\/1_FaseApuramento_Kata_Inf.Ini_.Juv_._2022-2023.jpg?resize=150%2C150&amp;ssl=1 150w, https:\/\/i0.wp.com\/www.akram.pt\/web\/wp-content\/uploads\/2022\/10\/1_FaseApuramento_Kata_Inf.Ini_.Juv_._2022-2023.jpg?resize=768%2C768&amp;ssl=1 768w, https:\/\/i0.wp.com\/www.akram.pt\/web\/wp-content\/uploads\/2022\/10\/1_FaseApuramento_Kata_Inf.Ini_.Juv_._2022-2023.jpg?resize=120%2C120&amp;ssl=1 120w, https:\/\/i0.wp.com\/www.akram.pt\/web\/wp-content\/uploads\/2022\/10\/1_FaseApuramento_Kata_Inf.Ini_.Juv_._2022-2023.jpg?resize=105%2C105&amp;ssl=1 105w, https:\/\/i0.wp.com\/www.akram.pt\/web\/wp-content\/uploads\/2022\/10\/1_FaseApuramento_Kata_Inf.Ini_.Juv_._2022-2023.jpg?resize=570%2C570&amp;ssl=1 570w, https:\/\/i0.wp.com\/www.akram.pt\/web\/wp-content\/uploads\/2022\/10\/1_FaseApuramento_Kata_Inf.Ini_.Juv_._2022-2023.jpg?resize=380%2C380&amp;ssl=1 380w, https:\/\/i0.wp.com\/www.akram.pt\/web\/wp-content\/uploads\/2022\/10\/1_FaseApuramento_Kata_Inf.Ini_.Juv_._2022-2023.jpg?resize=285%2C285&amp;ssl=1 285w, https:\/\/i0.wp.com\/www.akram.pt\/web\/wp-content\/uploads\/2022\/10\/1_FaseApuramento_Kata_Inf.Ini_.Juv_._2022-2023.jpg?w=1200&amp;ssl=1 1200w\" sizes=\"auto, (max-width: 512px) 100vw, 512px\" \/><\/figure>\n<\/div>","protected":false},"excerpt":{"rendered":"<p>A AKRAM informa que est\u00e3o abertas as inscri\u00e7\u00f5es para a\u00a01\u00aa Jornada Fase Apuramento \u2013 Dojo\u00a0que decorrer\u00e1 durante a pr\u00f3xima semana, de\u00a017 a 21 de outubro\u00a0conforme calendarizado no\u00a0calend\u00e1rio integrado da AKRAM 2022\/2023.<\/p>\n","protected":false},"author":2,"featured_media":0,"comment_status":"closed","ping_status":"open","sticky":false,"template":"","format":"standard","meta":{"_crdt_document":"","_jetpack_memberships_contains_paid_content":false,"footnotes":""},"categories":[4,9],"tags":[],"class_list":["post-1710","post","type-post","status-publish","format-standard","hentry","category-noticias","category-provas"],"jetpack_featured_media_url":"","jetpack_sharing_enabled":true,"_links":{"self":[{"href":"https:\/\/www.akram.pt\/web\/wp-json\/wp\/v2\/posts\/1710","targetHints":{"allow":["GET"]}}],"collection":[{"href":"https:\/\/www.akram.pt\/web\/wp-json\/wp\/v2\/posts"}],"about":[{"href":"https:\/\/www.akram.pt\/web\/wp-json\/wp\/v2\/types\/post"}],"author":[{"embeddable":true,"href":"https:\/\/www.akram.pt\/web\/wp-json\/wp\/v2\/users\/2"}],"replies":[{"embeddable":true,"href":"https:\/\/www.akram.pt\/web\/wp-json\/wp\/v2\/comments?post=1710"}],"version-history":[{"count":1,"href":"https:\/\/www.akram.pt\/web\/wp-json\/wp\/v2\/posts\/1710\/revisions"}],"predecessor-version":[{"id":1712,"href":"https:\/\/www.akram.pt\/web\/wp-json\/wp\/v2\/posts\/1710\/revisions\/1712"}],"wp:attachment":[{"href":"https:\/\/www.akram.pt\/web\/wp-json\/wp\/v2\/media?parent=1710"}],"wp:term":[{"taxonomy":"category","embeddable":true,"href":"https:\/\/www.akram.pt\/web\/wp-json\/wp\/v2\/categories?post=1710"},{"taxonomy":"post_tag","embeddable":true,"href":"https:\/\/www.akram.pt\/web\/wp-json\/wp\/v2\/tags?post=1710"}],"curies":[{"name":"wp","href":"https:\/\/api.w.org\/{rel}","templated":true}]}}