{"id":1749,"date":"2023-01-31T22:47:52","date_gmt":"2023-01-31T22:47:52","guid":{"rendered":"https:\/\/www.akram.pt\/web\/?p=1749"},"modified":"2023-02-13T22:32:51","modified_gmt":"2023-02-13T22:32:51","slug":"1o-open-madeira-fase-final-individual-infantis-iniciados-juvenis","status":"publish","type":"post","link":"https:\/\/www.akram.pt\/web\/2023\/01\/1o-open-madeira-fase-final-individual-infantis-iniciados-juvenis\/","title":{"rendered":"1\u00ba OPEN MADEIRA Fase Final (Individual) Infantis &#8211; Iniciados &#8211; Juvenis"},"content":{"rendered":"\n<p>A AKRAM informa que est\u00e3o abertas as inscri\u00e7\u00f5es para a\u00a0<b>1\u00ba OPEN MADEIRA Fase Final (Individual) Infantis &#8211; Iniciados &#8211; Juvenis<\/b>\u00a0que se realizar\u00e1 no dia<b>\u00a004 de fevereiro de 2023<\/b>.<br \/><b><br \/>Relembramos que na vertente KATA Infantil -7, Infantis 8\/9, Iniciado e Juvenil devem apenas inscrever os 4 atletas apurados na Fase de Dojo<\/b>\u00a0(documentos de apuramento enviados no email: RANKING DOJOS | FASE APURAMENTO &#8211; OPEN MADEIRA INF. INI. JUV. 2022-2023).<br \/><br \/>Em rela\u00e7\u00e3o \u00e0s\u00a0<b>inscri\u00e7\u00f5es na vertente KUMITE \u00e9 livre<\/b>\u00a0uma vez que n\u00e3o fazemos apuramento nesta vertente,\u00a0<b>devem inscrever os atletas aptos a esta vertente.<\/b><u><\/u><u><\/u><\/p>\n<p>As inscri\u00e7\u00f5es poder\u00e3o ser efetuadas via online na plataforma da AKRAM,\u00a0<b>at\u00e9 a pr\u00f3xima quarta-feira 1 de fevereiro 2023<\/b> e em simult\u00e2neo na Plataforma da DRJD &#8211; Dire\u00e7\u00e3o Regional de Juventude e Desporto.<\/p>\n\n\n<div class=\"wp-block-image\">\n<figure class=\"aligncenter size-large is-resized\"><img data-recalc-dims=\"1\" loading=\"lazy\" decoding=\"async\" data-attachment-id=\"1750\" data-permalink=\"https:\/\/www.akram.pt\/web\/2023\/01\/1o-open-madeira-fase-final-individual-infantis-iniciados-juvenis\/1_om_infantis_iniciados_juvenis_abc_2022-2023\/#main\" data-orig-file=\"https:\/\/i0.wp.com\/www.akram.pt\/web\/wp-content\/uploads\/2023\/01\/1_OM_Infantis_Iniciados_Juvenis_ABC_2022-2023.jpg?fit=1800%2C1800&amp;ssl=1\" data-orig-size=\"1800,1800\" data-comments-opened=\"0\" data-image-meta=\"{&quot;aperture&quot;:&quot;0&quot;,&quot;credit&quot;:&quot;&quot;,&quot;camera&quot;:&quot;&quot;,&quot;caption&quot;:&quot;&quot;,&quot;created_timestamp&quot;:&quot;1630630004&quot;,&quot;copyright&quot;:&quot;&quot;,&quot;focal_length&quot;:&quot;0&quot;,&quot;iso&quot;:&quot;0&quot;,&quot;shutter_speed&quot;:&quot;0&quot;,&quot;title&quot;:&quot;&quot;,&quot;orientation&quot;:&quot;1&quot;}\" data-image-title=\"1_OM_Infantis_Iniciados_Juvenis_ABC_2022-2023\" data-image-description=\"\" data-image-caption=\"\" data-large-file=\"https:\/\/i0.wp.com\/www.akram.pt\/web\/wp-content\/uploads\/2023\/01\/1_OM_Infantis_Iniciados_Juvenis_ABC_2022-2023.jpg?fit=1024%2C1024&amp;ssl=1\" src=\"https:\/\/i0.wp.com\/www.akram.pt\/web\/wp-content\/uploads\/2023\/01\/1_OM_Infantis_Iniciados_Juvenis_ABC_2022-2023.jpg?resize=512%2C512&#038;ssl=1\" alt=\"Cartaz da Prova\" class=\"wp-image-1750\" width=\"512\" height=\"512\" srcset=\"https:\/\/i0.wp.com\/www.akram.pt\/web\/wp-content\/uploads\/2023\/01\/1_OM_Infantis_Iniciados_Juvenis_ABC_2022-2023.jpg?resize=1024%2C1024&amp;ssl=1 1024w, https:\/\/i0.wp.com\/www.akram.pt\/web\/wp-content\/uploads\/2023\/01\/1_OM_Infantis_Iniciados_Juvenis_ABC_2022-2023.jpg?resize=300%2C300&amp;ssl=1 300w, https:\/\/i0.wp.com\/www.akram.pt\/web\/wp-content\/uploads\/2023\/01\/1_OM_Infantis_Iniciados_Juvenis_ABC_2022-2023.jpg?resize=150%2C150&amp;ssl=1 150w, https:\/\/i0.wp.com\/www.akram.pt\/web\/wp-content\/uploads\/2023\/01\/1_OM_Infantis_Iniciados_Juvenis_ABC_2022-2023.jpg?resize=768%2C768&amp;ssl=1 768w, https:\/\/i0.wp.com\/www.akram.pt\/web\/wp-content\/uploads\/2023\/01\/1_OM_Infantis_Iniciados_Juvenis_ABC_2022-2023.jpg?resize=1536%2C1536&amp;ssl=1 1536w, https:\/\/i0.wp.com\/www.akram.pt\/web\/wp-content\/uploads\/2023\/01\/1_OM_Infantis_Iniciados_Juvenis_ABC_2022-2023.jpg?resize=120%2C120&amp;ssl=1 120w, https:\/\/i0.wp.com\/www.akram.pt\/web\/wp-content\/uploads\/2023\/01\/1_OM_Infantis_Iniciados_Juvenis_ABC_2022-2023.jpg?resize=105%2C105&amp;ssl=1 105w, https:\/\/i0.wp.com\/www.akram.pt\/web\/wp-content\/uploads\/2023\/01\/1_OM_Infantis_Iniciados_Juvenis_ABC_2022-2023.jpg?resize=570%2C570&amp;ssl=1 570w, https:\/\/i0.wp.com\/www.akram.pt\/web\/wp-content\/uploads\/2023\/01\/1_OM_Infantis_Iniciados_Juvenis_ABC_2022-2023.jpg?resize=380%2C380&amp;ssl=1 380w, https:\/\/i0.wp.com\/www.akram.pt\/web\/wp-content\/uploads\/2023\/01\/1_OM_Infantis_Iniciados_Juvenis_ABC_2022-2023.jpg?resize=285%2C285&amp;ssl=1 285w, https:\/\/i0.wp.com\/www.akram.pt\/web\/wp-content\/uploads\/2023\/01\/1_OM_Infantis_Iniciados_Juvenis_ABC_2022-2023.jpg?w=1800&amp;ssl=1 1800w\" sizes=\"auto, (max-width: 512px) 100vw, 512px\" \/><\/figure>\n<\/div>\n\n<div class=\"wp-block-image\">\n<figure class=\"aligncenter size-large\"><img data-recalc-dims=\"1\" loading=\"lazy\" decoding=\"async\" width=\"988\" height=\"1024\" data-attachment-id=\"1751\" data-permalink=\"https:\/\/www.akram.pt\/web\/2023\/01\/1o-open-madeira-fase-final-individual-infantis-iniciados-juvenis\/1_om_infantis_iniciados_juvenis_abc_2022-2023-horarios\/#main\" data-orig-file=\"https:\/\/i0.wp.com\/www.akram.pt\/web\/wp-content\/uploads\/2023\/01\/1_OM_Infantis_Iniciados_Juvenis_ABC_2022-2023-horarios.jpg?fit=1080%2C1119&amp;ssl=1\" data-orig-size=\"1080,1119\" data-comments-opened=\"0\" data-image-meta=\"{&quot;aperture&quot;:&quot;0&quot;,&quot;credit&quot;:&quot;&quot;,&quot;camera&quot;:&quot;&quot;,&quot;caption&quot;:&quot;&quot;,&quot;created_timestamp&quot;:&quot;0&quot;,&quot;copyright&quot;:&quot;&quot;,&quot;focal_length&quot;:&quot;0&quot;,&quot;iso&quot;:&quot;0&quot;,&quot;shutter_speed&quot;:&quot;0&quot;,&quot;title&quot;:&quot;&quot;,&quot;orientation&quot;:&quot;0&quot;}\" data-image-title=\"1_OM_Infantis_Iniciados_Juvenis_ABC_2022-2023-horarios\" data-image-description=\"\" data-image-caption=\"\" data-large-file=\"https:\/\/i0.wp.com\/www.akram.pt\/web\/wp-content\/uploads\/2023\/01\/1_OM_Infantis_Iniciados_Juvenis_ABC_2022-2023-horarios.jpg?fit=988%2C1024&amp;ssl=1\" src=\"https:\/\/i0.wp.com\/www.akram.pt\/web\/wp-content\/uploads\/2023\/01\/1_OM_Infantis_Iniciados_Juvenis_ABC_2022-2023-horarios.jpg?resize=988%2C1024&#038;ssl=1\" alt=\"Hor\u00e1rio da Prova\" class=\"wp-image-1751\" srcset=\"https:\/\/i0.wp.com\/www.akram.pt\/web\/wp-content\/uploads\/2023\/01\/1_OM_Infantis_Iniciados_Juvenis_ABC_2022-2023-horarios.jpg?resize=988%2C1024&amp;ssl=1 988w, https:\/\/i0.wp.com\/www.akram.pt\/web\/wp-content\/uploads\/2023\/01\/1_OM_Infantis_Iniciados_Juvenis_ABC_2022-2023-horarios.jpg?resize=290%2C300&amp;ssl=1 290w, https:\/\/i0.wp.com\/www.akram.pt\/web\/wp-content\/uploads\/2023\/01\/1_OM_Infantis_Iniciados_Juvenis_ABC_2022-2023-horarios.jpg?resize=768%2C796&amp;ssl=1 768w, https:\/\/i0.wp.com\/www.akram.pt\/web\/wp-content\/uploads\/2023\/01\/1_OM_Infantis_Iniciados_Juvenis_ABC_2022-2023-horarios.jpg?w=1080&amp;ssl=1 1080w\" sizes=\"auto, (max-width: 988px) 100vw, 988px\" \/><\/figure>\n<\/div>","protected":false},"excerpt":{"rendered":"<p>A AKRAM informa que est\u00e3o abertas as inscri\u00e7\u00f5es para a\u00a01\u00ba OPEN MADEIRA Fase Final (Individual) Infantis &#8211; Iniciados &#8211; Juvenis\u00a0que se realizar\u00e1 no dia\u00a004 de fevereiro de 2023.Relembramos que na vertente KATA Infantil -7, Infantis 8\/9, Iniciado e Juvenil devem apenas inscrever os 4 atletas apurados na Fase de Dojo\u00a0(documentos de apuramento enviados no email:<\/p>\n<p class=\"more-link\"><a href=\"https:\/\/www.akram.pt\/web\/2023\/01\/1o-open-madeira-fase-final-individual-infantis-iniciados-juvenis\/\" class=\"themebutton\">Read More<\/a><\/p>\n","protected":false},"author":2,"featured_media":1750,"comment_status":"closed","ping_status":"open","sticky":false,"template":"","format":"standard","meta":{"_crdt_document":"","_jetpack_memberships_contains_paid_content":false,"footnotes":""},"categories":[4,9],"tags":[],"class_list":["post-1749","post","type-post","status-publish","format-standard","has-post-thumbnail","hentry","category-noticias","category-provas"],"jetpack_featured_media_url":"https:\/\/i0.wp.com\/www.akram.pt\/web\/wp-content\/uploads\/2023\/01\/1_OM_Infantis_Iniciados_Juvenis_ABC_2022-2023.jpg?fit=1800%2C1800&ssl=1","jetpack_sharing_enabled":true,"_links":{"self":[{"href":"https:\/\/www.akram.pt\/web\/wp-json\/wp\/v2\/posts\/1749","targetHints":{"allow":["GET"]}}],"collection":[{"href":"https:\/\/www.akram.pt\/web\/wp-json\/wp\/v2\/posts"}],"about":[{"href":"https:\/\/www.akram.pt\/web\/wp-json\/wp\/v2\/types\/post"}],"author":[{"embeddable":true,"href":"https:\/\/www.akram.pt\/web\/wp-json\/wp\/v2\/users\/2"}],"replies":[{"embeddable":true,"href":"https:\/\/www.akram.pt\/web\/wp-json\/wp\/v2\/comments?post=1749"}],"version-history":[{"count":1,"href":"https:\/\/www.akram.pt\/web\/wp-json\/wp\/v2\/posts\/1749\/revisions"}],"predecessor-version":[{"id":1752,"href":"https:\/\/www.akram.pt\/web\/wp-json\/wp\/v2\/posts\/1749\/revisions\/1752"}],"wp:featuredmedia":[{"embeddable":true,"href":"https:\/\/www.akram.pt\/web\/wp-json\/wp\/v2\/media\/1750"}],"wp:attachment":[{"href":"https:\/\/www.akram.pt\/web\/wp-json\/wp\/v2\/media?parent=1749"}],"wp:term":[{"taxonomy":"category","embeddable":true,"href":"https:\/\/www.akram.pt\/web\/wp-json\/wp\/v2\/categories?post=1749"},{"taxonomy":"post_tag","embeddable":true,"href":"https:\/\/www.akram.pt\/web\/wp-json\/wp\/v2\/tags?post=1749"}],"curies":[{"name":"wp","href":"https:\/\/api.w.org\/{rel}","templated":true}]}}