{"id":1764,"date":"2023-03-01T22:04:38","date_gmt":"2023-03-01T22:04:38","guid":{"rendered":"https:\/\/www.akram.pt\/web\/?p=1764"},"modified":"2023-04-11T17:39:05","modified_gmt":"2023-04-11T17:39:05","slug":"2o-open-madeira-cadetes-juniores-seniores-e-seniores35-nivel-a-2022-2023","status":"publish","type":"post","link":"https:\/\/www.akram.pt\/web\/2023\/03\/2o-open-madeira-cadetes-juniores-seniores-e-seniores35-nivel-a-2022-2023\/","title":{"rendered":"2\u00ba Open Madeira &#8211; Cadetes, Juniores, Seniores e Seniores+35 &#8211; N\u00edvel A &#8211; 2022\/2023"},"content":{"rendered":"\n<p style=\"font-weight: 400;\">Ex. mos Treinadores e Clubes associados,<\/p>\n<p style=\"font-weight: 400;\">A AKRAM informa que est\u00e3o abertas as inscri\u00e7\u00f5es para o\u00a0<strong>2\u00ba Open Madeira CAD_JUN_SEN_SEN+35 &#8211; N\u00edvel A,<\/strong>\u00a0que decorrer\u00e1 no pr\u00f3ximo dia\u00a0<strong>04\u00a0de\u00a0mar\u00e7o<\/strong>\u00a0conforme calendarizado no calend\u00e1rio integrado da AKRAM.<\/p>\n<p style=\"font-weight: 400;\">As inscri\u00e7\u00f5es devem ser efetuadas via online na plataforma da AKRAM e em simult\u00e2neo na Plataforma da DRJD at\u00e9 \u00e0 pr\u00f3xima\u00a0<strong>quarta-feira, 01 de\u00a0mar\u00e7o<\/strong>. Terminado o per\u00edodo referido as plataformas ser\u00e3o fechadas. Os hor\u00e1rios espec\u00edficos ser\u00e3o enviados ap\u00f3s o fecho das inscri\u00e7\u00f5es.<\/p>\n<p>Consulte abaixo o cartaz e hor\u00e1rio do evento<\/p>\n\n\n<div class=\"wp-block-image\">\n<figure class=\"aligncenter size-large is-resized\"><img data-recalc-dims=\"1\" loading=\"lazy\" decoding=\"async\" data-attachment-id=\"1765\" data-permalink=\"https:\/\/www.akram.pt\/web\/2023\/03\/2o-open-madeira-cadetes-juniores-seniores-e-seniores35-nivel-a-2022-2023\/2-om_cadetes_juniores_seniores_a_04mar2023\/#main\" data-orig-file=\"https:\/\/i0.wp.com\/www.akram.pt\/web\/wp-content\/uploads\/2023\/03\/2-OM_Cadetes_Juniores_Seniores_A_04mar2023.jpg?fit=1500%2C1500&amp;ssl=1\" data-orig-size=\"1500,1500\" data-comments-opened=\"0\" data-image-meta=\"{&quot;aperture&quot;:&quot;0&quot;,&quot;credit&quot;:&quot;&quot;,&quot;camera&quot;:&quot;&quot;,&quot;caption&quot;:&quot;&quot;,&quot;created_timestamp&quot;:&quot;1630630004&quot;,&quot;copyright&quot;:&quot;&quot;,&quot;focal_length&quot;:&quot;0&quot;,&quot;iso&quot;:&quot;0&quot;,&quot;shutter_speed&quot;:&quot;0&quot;,&quot;title&quot;:&quot;&quot;,&quot;orientation&quot;:&quot;1&quot;}\" data-image-title=\"2-OM_Cadetes_Juniores_Seniores_A_04mar2023\" data-image-description=\"\" data-image-caption=\"\" data-large-file=\"https:\/\/i0.wp.com\/www.akram.pt\/web\/wp-content\/uploads\/2023\/03\/2-OM_Cadetes_Juniores_Seniores_A_04mar2023.jpg?fit=1024%2C1024&amp;ssl=1\" src=\"https:\/\/i0.wp.com\/www.akram.pt\/web\/wp-content\/uploads\/2023\/03\/2-OM_Cadetes_Juniores_Seniores_A_04mar2023.jpg?resize=512%2C512&#038;ssl=1\" alt=\"\" class=\"wp-image-1765\" width=\"512\" height=\"512\" srcset=\"https:\/\/i0.wp.com\/www.akram.pt\/web\/wp-content\/uploads\/2023\/03\/2-OM_Cadetes_Juniores_Seniores_A_04mar2023.jpg?resize=1024%2C1024&amp;ssl=1 1024w, https:\/\/i0.wp.com\/www.akram.pt\/web\/wp-content\/uploads\/2023\/03\/2-OM_Cadetes_Juniores_Seniores_A_04mar2023.jpg?resize=300%2C300&amp;ssl=1 300w, https:\/\/i0.wp.com\/www.akram.pt\/web\/wp-content\/uploads\/2023\/03\/2-OM_Cadetes_Juniores_Seniores_A_04mar2023.jpg?resize=150%2C150&amp;ssl=1 150w, https:\/\/i0.wp.com\/www.akram.pt\/web\/wp-content\/uploads\/2023\/03\/2-OM_Cadetes_Juniores_Seniores_A_04mar2023.jpg?resize=768%2C768&amp;ssl=1 768w, https:\/\/i0.wp.com\/www.akram.pt\/web\/wp-content\/uploads\/2023\/03\/2-OM_Cadetes_Juniores_Seniores_A_04mar2023.jpg?resize=120%2C120&amp;ssl=1 120w, https:\/\/i0.wp.com\/www.akram.pt\/web\/wp-content\/uploads\/2023\/03\/2-OM_Cadetes_Juniores_Seniores_A_04mar2023.jpg?resize=105%2C105&amp;ssl=1 105w, https:\/\/i0.wp.com\/www.akram.pt\/web\/wp-content\/uploads\/2023\/03\/2-OM_Cadetes_Juniores_Seniores_A_04mar2023.jpg?resize=570%2C570&amp;ssl=1 570w, https:\/\/i0.wp.com\/www.akram.pt\/web\/wp-content\/uploads\/2023\/03\/2-OM_Cadetes_Juniores_Seniores_A_04mar2023.jpg?resize=380%2C380&amp;ssl=1 380w, https:\/\/i0.wp.com\/www.akram.pt\/web\/wp-content\/uploads\/2023\/03\/2-OM_Cadetes_Juniores_Seniores_A_04mar2023.jpg?resize=285%2C285&amp;ssl=1 285w, https:\/\/i0.wp.com\/www.akram.pt\/web\/wp-content\/uploads\/2023\/03\/2-OM_Cadetes_Juniores_Seniores_A_04mar2023.jpg?w=1500&amp;ssl=1 1500w\" sizes=\"auto, (max-width: 512px) 100vw, 512px\" \/><\/figure>\n<\/div>\n\n<div class=\"wp-block-image\">\n<figure class=\"aligncenter size-large\"><img data-recalc-dims=\"1\" loading=\"lazy\" decoding=\"async\" width=\"899\" height=\"1024\" data-attachment-id=\"1767\" data-permalink=\"https:\/\/www.akram.pt\/web\/2023\/03\/2o-open-madeira-cadetes-juniores-seniores-e-seniores35-nivel-a-2022-2023\/horario-2-om_cadetes_juniores_seniores_a_04mar2023\/#main\" data-orig-file=\"https:\/\/i0.wp.com\/www.akram.pt\/web\/wp-content\/uploads\/2023\/03\/horario-2-OM_Cadetes_Juniores_Seniores_A_04mar2023.jpeg?fit=924%2C1052&amp;ssl=1\" data-orig-size=\"924,1052\" data-comments-opened=\"0\" data-image-meta=\"{&quot;aperture&quot;:&quot;0&quot;,&quot;credit&quot;:&quot;&quot;,&quot;camera&quot;:&quot;&quot;,&quot;caption&quot;:&quot;&quot;,&quot;created_timestamp&quot;:&quot;0&quot;,&quot;copyright&quot;:&quot;&quot;,&quot;focal_length&quot;:&quot;0&quot;,&quot;iso&quot;:&quot;0&quot;,&quot;shutter_speed&quot;:&quot;0&quot;,&quot;title&quot;:&quot;&quot;,&quot;orientation&quot;:&quot;0&quot;}\" data-image-title=\"horario-2-OM_Cadetes_Juniores_Seniores_A_04mar2023\" data-image-description=\"\" data-image-caption=\"\" data-large-file=\"https:\/\/i0.wp.com\/www.akram.pt\/web\/wp-content\/uploads\/2023\/03\/horario-2-OM_Cadetes_Juniores_Seniores_A_04mar2023.jpeg?fit=899%2C1024&amp;ssl=1\" src=\"https:\/\/i0.wp.com\/www.akram.pt\/web\/wp-content\/uploads\/2023\/03\/horario-2-OM_Cadetes_Juniores_Seniores_A_04mar2023.jpeg?resize=899%2C1024&#038;ssl=1\" alt=\"\" class=\"wp-image-1767\" srcset=\"https:\/\/i0.wp.com\/www.akram.pt\/web\/wp-content\/uploads\/2023\/03\/horario-2-OM_Cadetes_Juniores_Seniores_A_04mar2023.jpeg?resize=899%2C1024&amp;ssl=1 899w, https:\/\/i0.wp.com\/www.akram.pt\/web\/wp-content\/uploads\/2023\/03\/horario-2-OM_Cadetes_Juniores_Seniores_A_04mar2023.jpeg?resize=263%2C300&amp;ssl=1 263w, https:\/\/i0.wp.com\/www.akram.pt\/web\/wp-content\/uploads\/2023\/03\/horario-2-OM_Cadetes_Juniores_Seniores_A_04mar2023.jpeg?resize=768%2C874&amp;ssl=1 768w, https:\/\/i0.wp.com\/www.akram.pt\/web\/wp-content\/uploads\/2023\/03\/horario-2-OM_Cadetes_Juniores_Seniores_A_04mar2023.jpeg?w=924&amp;ssl=1 924w\" sizes=\"auto, (max-width: 899px) 100vw, 899px\" \/><\/figure>\n<\/div>","protected":false},"excerpt":{"rendered":"<p>Ex. mos Treinadores e Clubes associados, A AKRAM informa que est\u00e3o abertas as inscri\u00e7\u00f5es para o\u00a02\u00ba Open Madeira CAD_JUN_SEN_SEN+35 &#8211; N\u00edvel A,\u00a0que decorrer\u00e1 no pr\u00f3ximo dia\u00a004\u00a0de\u00a0mar\u00e7o\u00a0conforme calendarizado no calend\u00e1rio integrado da AKRAM. As inscri\u00e7\u00f5es devem ser efetuadas via online na plataforma da AKRAM e em simult\u00e2neo na Plataforma da DRJD at\u00e9 \u00e0 pr\u00f3xima\u00a0quarta-feira, 01 de\u00a0mar\u00e7o.<\/p>\n<p class=\"more-link\"><a href=\"https:\/\/www.akram.pt\/web\/2023\/03\/2o-open-madeira-cadetes-juniores-seniores-e-seniores35-nivel-a-2022-2023\/\" class=\"themebutton\">Read More<\/a><\/p>\n","protected":false},"author":2,"featured_media":1765,"comment_status":"closed","ping_status":"open","sticky":false,"template":"","format":"standard","meta":{"_crdt_document":"","_jetpack_memberships_contains_paid_content":false,"footnotes":""},"categories":[4,9],"tags":[],"class_list":["post-1764","post","type-post","status-publish","format-standard","has-post-thumbnail","hentry","category-noticias","category-provas"],"jetpack_featured_media_url":"https:\/\/i0.wp.com\/www.akram.pt\/web\/wp-content\/uploads\/2023\/03\/2-OM_Cadetes_Juniores_Seniores_A_04mar2023.jpg?fit=1500%2C1500&ssl=1","jetpack_sharing_enabled":true,"_links":{"self":[{"href":"https:\/\/www.akram.pt\/web\/wp-json\/wp\/v2\/posts\/1764","targetHints":{"allow":["GET"]}}],"collection":[{"href":"https:\/\/www.akram.pt\/web\/wp-json\/wp\/v2\/posts"}],"about":[{"href":"https:\/\/www.akram.pt\/web\/wp-json\/wp\/v2\/types\/post"}],"author":[{"embeddable":true,"href":"https:\/\/www.akram.pt\/web\/wp-json\/wp\/v2\/users\/2"}],"replies":[{"embeddable":true,"href":"https:\/\/www.akram.pt\/web\/wp-json\/wp\/v2\/comments?post=1764"}],"version-history":[{"count":1,"href":"https:\/\/www.akram.pt\/web\/wp-json\/wp\/v2\/posts\/1764\/revisions"}],"predecessor-version":[{"id":1768,"href":"https:\/\/www.akram.pt\/web\/wp-json\/wp\/v2\/posts\/1764\/revisions\/1768"}],"wp:featuredmedia":[{"embeddable":true,"href":"https:\/\/www.akram.pt\/web\/wp-json\/wp\/v2\/media\/1765"}],"wp:attachment":[{"href":"https:\/\/www.akram.pt\/web\/wp-json\/wp\/v2\/media?parent=1764"}],"wp:term":[{"taxonomy":"category","embeddable":true,"href":"https:\/\/www.akram.pt\/web\/wp-json\/wp\/v2\/categories?post=1764"},{"taxonomy":"post_tag","embeddable":true,"href":"https:\/\/www.akram.pt\/web\/wp-json\/wp\/v2\/tags?post=1764"}],"curies":[{"name":"wp","href":"https:\/\/api.w.org\/{rel}","templated":true}]}}