{"id":1772,"date":"2023-03-04T10:31:42","date_gmt":"2023-03-04T10:31:42","guid":{"rendered":"https:\/\/www.akram.pt\/web\/?p=1772"},"modified":"2023-04-11T17:37:47","modified_gmt":"2023-04-11T17:37:47","slug":"campeonato-nacional-infantis-iniciados-e-juvenis-fase-regional-madeira","status":"publish","type":"post","link":"https:\/\/www.akram.pt\/web\/2023\/03\/campeonato-nacional-infantis-iniciados-e-juvenis-fase-regional-madeira\/","title":{"rendered":"Campeonato Nacional Infantis, Iniciados e Juvenis | Fase Regional Madeira"},"content":{"rendered":"\n<p>Realiza-se no pr\u00f3ximo dia 18 de mar\u00e7o, o Campeonato Nacional Infantis, Iniciados e Juvenis | Fase Regional Madeira, no Pavilh\u00e3o do Cani\u00e7o.<\/p>\n<p>Mais tarde, iremos divulgar o hor\u00e1rio da prova.<\/p>\n\n\n<div class=\"wp-block-image\">\n<figure class=\"aligncenter size-large is-resized\"><img data-recalc-dims=\"1\" loading=\"lazy\" decoding=\"async\" data-attachment-id=\"1773\" data-permalink=\"https:\/\/www.akram.pt\/web\/2023\/03\/campeonato-nacional-infantis-iniciados-e-juvenis-fase-regional-madeira\/cartaz_regmadeira_2023-1\/#main\" data-orig-file=\"https:\/\/i0.wp.com\/www.akram.pt\/web\/wp-content\/uploads\/2023\/03\/Cartaz_RegMadeira_2023-1.jpg?fit=1129%2C1600&amp;ssl=1\" data-orig-size=\"1129,1600\" data-comments-opened=\"0\" data-image-meta=\"{&quot;aperture&quot;:&quot;0&quot;,&quot;credit&quot;:&quot;&quot;,&quot;camera&quot;:&quot;&quot;,&quot;caption&quot;:&quot;&quot;,&quot;created_timestamp&quot;:&quot;0&quot;,&quot;copyright&quot;:&quot;&quot;,&quot;focal_length&quot;:&quot;0&quot;,&quot;iso&quot;:&quot;0&quot;,&quot;shutter_speed&quot;:&quot;0&quot;,&quot;title&quot;:&quot;&quot;,&quot;orientation&quot;:&quot;0&quot;}\" data-image-title=\"Cartaz_RegMadeira_2023 (1)\" data-image-description=\"\" data-image-caption=\"\" data-large-file=\"https:\/\/i0.wp.com\/www.akram.pt\/web\/wp-content\/uploads\/2023\/03\/Cartaz_RegMadeira_2023-1.jpg?fit=723%2C1024&amp;ssl=1\" src=\"https:\/\/i0.wp.com\/www.akram.pt\/web\/wp-content\/uploads\/2023\/03\/Cartaz_RegMadeira_2023-1.jpg?resize=542%2C768&#038;ssl=1\" alt=\"\" class=\"wp-image-1773\" width=\"542\" height=\"768\" srcset=\"https:\/\/i0.wp.com\/www.akram.pt\/web\/wp-content\/uploads\/2023\/03\/Cartaz_RegMadeira_2023-1.jpg?resize=723%2C1024&amp;ssl=1 723w, https:\/\/i0.wp.com\/www.akram.pt\/web\/wp-content\/uploads\/2023\/03\/Cartaz_RegMadeira_2023-1.jpg?resize=212%2C300&amp;ssl=1 212w, https:\/\/i0.wp.com\/www.akram.pt\/web\/wp-content\/uploads\/2023\/03\/Cartaz_RegMadeira_2023-1.jpg?resize=768%2C1088&amp;ssl=1 768w, https:\/\/i0.wp.com\/www.akram.pt\/web\/wp-content\/uploads\/2023\/03\/Cartaz_RegMadeira_2023-1.jpg?resize=1084%2C1536&amp;ssl=1 1084w, https:\/\/i0.wp.com\/www.akram.pt\/web\/wp-content\/uploads\/2023\/03\/Cartaz_RegMadeira_2023-1.jpg?w=1129&amp;ssl=1 1129w\" sizes=\"auto, (max-width: 542px) 100vw, 542px\" \/><\/figure>\n<\/div>","protected":false},"excerpt":{"rendered":"<p>Realiza-se no pr\u00f3ximo dia 18 de mar\u00e7o, o Campeonato Nacional Infantis, Iniciados e Juvenis | Fase Regional Madeira, no Pavilh\u00e3o do Cani\u00e7o. Mais tarde, iremos divulgar o hor\u00e1rio da prova.<\/p>\n","protected":false},"author":2,"featured_media":1773,"comment_status":"closed","ping_status":"open","sticky":false,"template":"","format":"standard","meta":{"_crdt_document":"","_jetpack_memberships_contains_paid_content":false,"footnotes":""},"categories":[4,9],"tags":[],"class_list":["post-1772","post","type-post","status-publish","format-standard","has-post-thumbnail","hentry","category-noticias","category-provas"],"jetpack_featured_media_url":"https:\/\/i0.wp.com\/www.akram.pt\/web\/wp-content\/uploads\/2023\/03\/Cartaz_RegMadeira_2023-1.jpg?fit=1129%2C1600&ssl=1","jetpack_sharing_enabled":true,"_links":{"self":[{"href":"https:\/\/www.akram.pt\/web\/wp-json\/wp\/v2\/posts\/1772","targetHints":{"allow":["GET"]}}],"collection":[{"href":"https:\/\/www.akram.pt\/web\/wp-json\/wp\/v2\/posts"}],"about":[{"href":"https:\/\/www.akram.pt\/web\/wp-json\/wp\/v2\/types\/post"}],"author":[{"embeddable":true,"href":"https:\/\/www.akram.pt\/web\/wp-json\/wp\/v2\/users\/2"}],"replies":[{"embeddable":true,"href":"https:\/\/www.akram.pt\/web\/wp-json\/wp\/v2\/comments?post=1772"}],"version-history":[{"count":1,"href":"https:\/\/www.akram.pt\/web\/wp-json\/wp\/v2\/posts\/1772\/revisions"}],"predecessor-version":[{"id":1774,"href":"https:\/\/www.akram.pt\/web\/wp-json\/wp\/v2\/posts\/1772\/revisions\/1774"}],"wp:featuredmedia":[{"embeddable":true,"href":"https:\/\/www.akram.pt\/web\/wp-json\/wp\/v2\/media\/1773"}],"wp:attachment":[{"href":"https:\/\/www.akram.pt\/web\/wp-json\/wp\/v2\/media?parent=1772"}],"wp:term":[{"taxonomy":"category","embeddable":true,"href":"https:\/\/www.akram.pt\/web\/wp-json\/wp\/v2\/categories?post=1772"},{"taxonomy":"post_tag","embeddable":true,"href":"https:\/\/www.akram.pt\/web\/wp-json\/wp\/v2\/tags?post=1772"}],"curies":[{"name":"wp","href":"https:\/\/api.w.org\/{rel}","templated":true}]}}