{"id":1815,"date":"2023-09-27T21:32:49","date_gmt":"2023-09-27T21:32:49","guid":{"rendered":"https:\/\/www.akram.pt\/web\/?p=1815"},"modified":"2023-11-15T21:15:11","modified_gmt":"2023-11-15T21:15:11","slug":"1o-open-madeira-cadetes-juniores-seniores-e-seniores-35-nivel-a-2023-24","status":"publish","type":"post","link":"https:\/\/www.akram.pt\/web\/2023\/09\/1o-open-madeira-cadetes-juniores-seniores-e-seniores-35-nivel-a-2023-24\/","title":{"rendered":"1\u00ba Open Madeira &#8211; Cadetes, Juniores, Seniores e Seniores +35 &#8211; N\u00edvel A &#8211; 2023\/24"},"content":{"rendered":"\n<p style=\"font-weight: 400;\">Ex. mos Treinadores e Clubes associados,<\/p>\n<p style=\"font-weight: 400;\">Antes de mais gostaria de vos desejar os maiores sucessos desportivos para esta nova \u00e9poca 2023\/2024.<\/p>\n<p style=\"font-weight: 400;\">A AKRAM informa que est\u00e3o abertas as inscri\u00e7\u00f5es para o 1<strong>\u00ba Open Madeira CAD_JUN_SEN_SEN+35 &#8211; N\u00edvel A,<\/strong>\u00a0que decorrer\u00e1 no pr\u00f3ximo dia\u00a0<strong>30 de setembro<\/strong>\u00a0conforme calendarizado no calend\u00e1rio integrado da AKRAM.<\/p>\n<p style=\"font-weight: 400;\">As inscri\u00e7\u00f5es devem ser efetuadas\u00a0<u>via online na plataforma da AKRAM e em simult\u00e2neo na Plataforma da DRJD<\/u>\u00a0at\u00e9 \u00e0 pr\u00f3xima\u00a0<strong><u>quinta-feira,\u00a028 de setembro<\/u><\/strong><strong>.<\/strong>\u00a0Terminado o per\u00edodo referido\u00a0<u>as plataformas ser\u00e3o fechadas<\/u>. Os hor\u00e1rios espec\u00edficos ser\u00e3o enviados ap\u00f3s o fecho das inscri\u00e7\u00f5es.<\/p>\n<p style=\"font-weight: 400;\"><br \/><strong>As inscri\u00e7\u00f5es em Seniores e Seniores +35 devem ter em conta:<\/strong><strong><br \/><\/strong><strong>&#8211; DV.1 (atletas que participam ou participaram em campeonatos regionais ou provas FNKP)<br \/>&#8211; DV.2 (atletas que\u00a0<u>n\u00e3o participam<\/u>\u00a0em campeonatos regionais ou provas FNKP.<\/strong><\/p>\n\n\n<div class=\"wp-block-image\">\n<figure class=\"aligncenter size-full\"><img data-recalc-dims=\"1\" loading=\"lazy\" decoding=\"async\" width=\"614\" height=\"614\" data-attachment-id=\"1816\" data-permalink=\"https:\/\/www.akram.pt\/web\/2023\/09\/1o-open-madeira-cadetes-juniores-seniores-e-seniores-35-nivel-a-2023-24\/image001\/#main\" data-orig-file=\"https:\/\/i0.wp.com\/www.akram.pt\/web\/wp-content\/uploads\/2023\/09\/image001.jpg?fit=614%2C614&amp;ssl=1\" data-orig-size=\"614,614\" data-comments-opened=\"0\" data-image-meta=\"{&quot;aperture&quot;:&quot;0&quot;,&quot;credit&quot;:&quot;&quot;,&quot;camera&quot;:&quot;&quot;,&quot;caption&quot;:&quot;&quot;,&quot;created_timestamp&quot;:&quot;0&quot;,&quot;copyright&quot;:&quot;&quot;,&quot;focal_length&quot;:&quot;0&quot;,&quot;iso&quot;:&quot;0&quot;,&quot;shutter_speed&quot;:&quot;0&quot;,&quot;title&quot;:&quot;&quot;,&quot;orientation&quot;:&quot;0&quot;}\" data-image-title=\"image001\" data-image-description=\"\" data-image-caption=\"\" data-large-file=\"https:\/\/i0.wp.com\/www.akram.pt\/web\/wp-content\/uploads\/2023\/09\/image001.jpg?fit=614%2C614&amp;ssl=1\" src=\"https:\/\/i0.wp.com\/www.akram.pt\/web\/wp-content\/uploads\/2023\/09\/image001.jpg?resize=614%2C614&#038;ssl=1\" alt=\"\" class=\"wp-image-1816\" srcset=\"https:\/\/i0.wp.com\/www.akram.pt\/web\/wp-content\/uploads\/2023\/09\/image001.jpg?w=614&amp;ssl=1 614w, https:\/\/i0.wp.com\/www.akram.pt\/web\/wp-content\/uploads\/2023\/09\/image001.jpg?resize=300%2C300&amp;ssl=1 300w, https:\/\/i0.wp.com\/www.akram.pt\/web\/wp-content\/uploads\/2023\/09\/image001.jpg?resize=150%2C150&amp;ssl=1 150w, https:\/\/i0.wp.com\/www.akram.pt\/web\/wp-content\/uploads\/2023\/09\/image001.jpg?resize=120%2C120&amp;ssl=1 120w, https:\/\/i0.wp.com\/www.akram.pt\/web\/wp-content\/uploads\/2023\/09\/image001.jpg?resize=105%2C105&amp;ssl=1 105w, https:\/\/i0.wp.com\/www.akram.pt\/web\/wp-content\/uploads\/2023\/09\/image001.jpg?resize=570%2C570&amp;ssl=1 570w, https:\/\/i0.wp.com\/www.akram.pt\/web\/wp-content\/uploads\/2023\/09\/image001.jpg?resize=380%2C380&amp;ssl=1 380w, https:\/\/i0.wp.com\/www.akram.pt\/web\/wp-content\/uploads\/2023\/09\/image001.jpg?resize=285%2C285&amp;ssl=1 285w\" sizes=\"auto, (max-width: 614px) 100vw, 614px\" \/><\/figure>\n<\/div>\n\n\n\n<div class=\"wp-block-image\">\n<figure class=\"aligncenter size-large\"><img data-recalc-dims=\"1\" loading=\"lazy\" decoding=\"async\" width=\"884\" height=\"1024\" data-attachment-id=\"1817\" data-permalink=\"https:\/\/www.akram.pt\/web\/2023\/09\/1o-open-madeira-cadetes-juniores-seniores-e-seniores-35-nivel-a-2023-24\/hp_30set23\/#main\" data-orig-file=\"https:\/\/i0.wp.com\/www.akram.pt\/web\/wp-content\/uploads\/2023\/09\/HP_30set23.jpg?fit=975%2C1129&amp;ssl=1\" data-orig-size=\"975,1129\" data-comments-opened=\"0\" data-image-meta=\"{&quot;aperture&quot;:&quot;0&quot;,&quot;credit&quot;:&quot;&quot;,&quot;camera&quot;:&quot;&quot;,&quot;caption&quot;:&quot;&quot;,&quot;created_timestamp&quot;:&quot;0&quot;,&quot;copyright&quot;:&quot;&quot;,&quot;focal_length&quot;:&quot;0&quot;,&quot;iso&quot;:&quot;0&quot;,&quot;shutter_speed&quot;:&quot;0&quot;,&quot;title&quot;:&quot;&quot;,&quot;orientation&quot;:&quot;0&quot;}\" data-image-title=\"HP_30set23\" data-image-description=\"\" data-image-caption=\"\" data-large-file=\"https:\/\/i0.wp.com\/www.akram.pt\/web\/wp-content\/uploads\/2023\/09\/HP_30set23.jpg?fit=884%2C1024&amp;ssl=1\" src=\"https:\/\/i0.wp.com\/www.akram.pt\/web\/wp-content\/uploads\/2023\/09\/HP_30set23.jpg?resize=884%2C1024&#038;ssl=1\" alt=\"\" class=\"wp-image-1817\" srcset=\"https:\/\/i0.wp.com\/www.akram.pt\/web\/wp-content\/uploads\/2023\/09\/HP_30set23.jpg?resize=884%2C1024&amp;ssl=1 884w, https:\/\/i0.wp.com\/www.akram.pt\/web\/wp-content\/uploads\/2023\/09\/HP_30set23.jpg?resize=259%2C300&amp;ssl=1 259w, https:\/\/i0.wp.com\/www.akram.pt\/web\/wp-content\/uploads\/2023\/09\/HP_30set23.jpg?resize=768%2C889&amp;ssl=1 768w, https:\/\/i0.wp.com\/www.akram.pt\/web\/wp-content\/uploads\/2023\/09\/HP_30set23.jpg?w=975&amp;ssl=1 975w\" sizes=\"auto, (max-width: 884px) 100vw, 884px\" \/><\/figure>\n<\/div>","protected":false},"excerpt":{"rendered":"<p>Ex. mos Treinadores e Clubes associados, Antes de mais gostaria de vos desejar os maiores sucessos desportivos para esta nova \u00e9poca 2023\/2024. A AKRAM informa que est\u00e3o abertas as inscri\u00e7\u00f5es para o 1\u00ba Open Madeira CAD_JUN_SEN_SEN+35 &#8211; N\u00edvel A,\u00a0que decorrer\u00e1 no pr\u00f3ximo dia\u00a030 de setembro\u00a0conforme calendarizado no calend\u00e1rio integrado da AKRAM. As inscri\u00e7\u00f5es devem ser<\/p>\n<p class=\"more-link\"><a href=\"https:\/\/www.akram.pt\/web\/2023\/09\/1o-open-madeira-cadetes-juniores-seniores-e-seniores-35-nivel-a-2023-24\/\" class=\"themebutton\">Read More<\/a><\/p>\n","protected":false},"author":2,"featured_media":1816,"comment_status":"closed","ping_status":"open","sticky":false,"template":"","format":"standard","meta":{"_crdt_document":"","_jetpack_memberships_contains_paid_content":false,"footnotes":""},"categories":[4,9],"tags":[],"class_list":["post-1815","post","type-post","status-publish","format-standard","has-post-thumbnail","hentry","category-noticias","category-provas"],"jetpack_featured_media_url":"https:\/\/i0.wp.com\/www.akram.pt\/web\/wp-content\/uploads\/2023\/09\/image001.jpg?fit=614%2C614&ssl=1","jetpack_sharing_enabled":true,"_links":{"self":[{"href":"https:\/\/www.akram.pt\/web\/wp-json\/wp\/v2\/posts\/1815","targetHints":{"allow":["GET"]}}],"collection":[{"href":"https:\/\/www.akram.pt\/web\/wp-json\/wp\/v2\/posts"}],"about":[{"href":"https:\/\/www.akram.pt\/web\/wp-json\/wp\/v2\/types\/post"}],"author":[{"embeddable":true,"href":"https:\/\/www.akram.pt\/web\/wp-json\/wp\/v2\/users\/2"}],"replies":[{"embeddable":true,"href":"https:\/\/www.akram.pt\/web\/wp-json\/wp\/v2\/comments?post=1815"}],"version-history":[{"count":2,"href":"https:\/\/www.akram.pt\/web\/wp-json\/wp\/v2\/posts\/1815\/revisions"}],"predecessor-version":[{"id":1826,"href":"https:\/\/www.akram.pt\/web\/wp-json\/wp\/v2\/posts\/1815\/revisions\/1826"}],"wp:featuredmedia":[{"embeddable":true,"href":"https:\/\/www.akram.pt\/web\/wp-json\/wp\/v2\/media\/1816"}],"wp:attachment":[{"href":"https:\/\/www.akram.pt\/web\/wp-json\/wp\/v2\/media?parent=1815"}],"wp:term":[{"taxonomy":"category","embeddable":true,"href":"https:\/\/www.akram.pt\/web\/wp-json\/wp\/v2\/categories?post=1815"},{"taxonomy":"post_tag","embeddable":true,"href":"https:\/\/www.akram.pt\/web\/wp-json\/wp\/v2\/tags?post=1815"}],"curies":[{"name":"wp","href":"https:\/\/api.w.org\/{rel}","templated":true}]}}