{"id":1819,"date":"2023-09-27T21:47:09","date_gmt":"2023-09-27T21:47:09","guid":{"rendered":"https:\/\/www.akram.pt\/web\/?p=1819"},"modified":"2023-11-15T21:14:15","modified_gmt":"2023-11-15T21:14:15","slug":"campeonato-nacional-fase-regional-madeira-cadetes-juniores-sub-21-e-seniores-2023","status":"publish","type":"post","link":"https:\/\/www.akram.pt\/web\/2023\/09\/campeonato-nacional-fase-regional-madeira-cadetes-juniores-sub-21-e-seniores-2023\/","title":{"rendered":"Campeonato Nacional &#8211; Fase Regional Madeira &#8211; Cadetes, Juniores, Sub 21 e Seniores &#8211; 2023"},"content":{"rendered":"\n<p class=\"wp-block-paragraph\">Ex. mos Treinadores e Clubes associados,<\/p>\n\n\n\n<p class=\"wp-block-paragraph\">A AKRAM informa que est\u00e3o abertas as inscri\u00e7\u00f5es para o&nbsp;<strong>CAMPEONATO REGIONAL MADEIRA_CADETES-JUNIORES-SUB21-SENIORES 2023-2024&nbsp;<\/strong>que se realizar\u00e1 a<strong>&nbsp;7 de outubro 2023.<\/strong><\/p>\n\n\n\n<p class=\"wp-block-paragraph\">As inscri\u00e7\u00f5es devem ser efetuadas&nbsp;via online na plataforma da AKRAM e em simult\u00e2neo na Plataforma da DRJD&nbsp;at\u00e9 \u00e0 pr\u00f3xima&nbsp;<strong><u>segunda-feira,&nbsp;2 de outubro<\/u>.<\/strong>&nbsp;Terminado o per\u00edodo referido&nbsp;as plataformas ser\u00e3o fechadas.<\/p>\n\n\n\n<p class=\"wp-block-paragraph\">Os&nbsp;<strong>hor\u00e1rios espec\u00edficos das prova e os sorteios<\/strong>&nbsp;ser\u00e3o enviados ap\u00f3s o fecho das inscri\u00e7\u00f5es das mesmas.<\/p>\n\n\n<div class=\"wp-block-image\">\n<figure class=\"aligncenter size-full\"><img data-recalc-dims=\"1\" loading=\"lazy\" decoding=\"async\" width=\"976\" height=\"976\" data-attachment-id=\"1820\" data-permalink=\"https:\/\/www.akram.pt\/web\/2023\/09\/campeonato-nacional-fase-regional-madeira-cadetes-juniores-sub-21-e-seniores-2023\/image003\/#main\" data-orig-file=\"https:\/\/i0.wp.com\/www.akram.pt\/web\/wp-content\/uploads\/2023\/09\/image003.jpg?fit=976%2C976&amp;ssl=1\" data-orig-size=\"976,976\" data-comments-opened=\"0\" data-image-meta=\"{&quot;aperture&quot;:&quot;0&quot;,&quot;credit&quot;:&quot;&quot;,&quot;camera&quot;:&quot;&quot;,&quot;caption&quot;:&quot;&quot;,&quot;created_timestamp&quot;:&quot;0&quot;,&quot;copyright&quot;:&quot;&quot;,&quot;focal_length&quot;:&quot;0&quot;,&quot;iso&quot;:&quot;0&quot;,&quot;shutter_speed&quot;:&quot;0&quot;,&quot;title&quot;:&quot;&quot;,&quot;orientation&quot;:&quot;0&quot;}\" data-image-title=\"image003\" data-image-description=\"\" data-image-caption=\"\" data-large-file=\"https:\/\/i0.wp.com\/www.akram.pt\/web\/wp-content\/uploads\/2023\/09\/image003.jpg?fit=976%2C976&amp;ssl=1\" src=\"https:\/\/i0.wp.com\/www.akram.pt\/web\/wp-content\/uploads\/2023\/09\/image003.jpg?resize=976%2C976&#038;ssl=1\" alt=\"\" class=\"wp-image-1820\" srcset=\"https:\/\/i0.wp.com\/www.akram.pt\/web\/wp-content\/uploads\/2023\/09\/image003.jpg?w=976&amp;ssl=1 976w, https:\/\/i0.wp.com\/www.akram.pt\/web\/wp-content\/uploads\/2023\/09\/image003.jpg?resize=300%2C300&amp;ssl=1 300w, https:\/\/i0.wp.com\/www.akram.pt\/web\/wp-content\/uploads\/2023\/09\/image003.jpg?resize=150%2C150&amp;ssl=1 150w, https:\/\/i0.wp.com\/www.akram.pt\/web\/wp-content\/uploads\/2023\/09\/image003.jpg?resize=768%2C768&amp;ssl=1 768w, https:\/\/i0.wp.com\/www.akram.pt\/web\/wp-content\/uploads\/2023\/09\/image003.jpg?resize=120%2C120&amp;ssl=1 120w, https:\/\/i0.wp.com\/www.akram.pt\/web\/wp-content\/uploads\/2023\/09\/image003.jpg?resize=105%2C105&amp;ssl=1 105w, https:\/\/i0.wp.com\/www.akram.pt\/web\/wp-content\/uploads\/2023\/09\/image003.jpg?resize=570%2C570&amp;ssl=1 570w, https:\/\/i0.wp.com\/www.akram.pt\/web\/wp-content\/uploads\/2023\/09\/image003.jpg?resize=380%2C380&amp;ssl=1 380w, https:\/\/i0.wp.com\/www.akram.pt\/web\/wp-content\/uploads\/2023\/09\/image003.jpg?resize=285%2C285&amp;ssl=1 285w\" sizes=\"auto, (max-width: 976px) 100vw, 976px\" \/><\/figure>\n<\/div>\n\n\n<p style=\"font-weight: 400;\"><strong><u>ATEN\u00c7\u00c3O:\u00a0<\/u><\/strong><u><br \/><\/u>&#8211; Os atletas de Kumit\u00e9 que n\u00e3o tenham peso atribu\u00eddo no gestor n\u00e3o apareceram para inscri\u00e7\u00e3o na prova, caso tenham peso atribu\u00eddo devem atualizar os pesos dos atletas antes de os inscrever na prova.<br \/>&#8211; Pedimos que verifiquem os atletas que t\u00eam exame m\u00e9dico desportivo expirado pois n\u00e3o estar\u00e3o dispon\u00edveis para inscri\u00e7\u00e3o nas respetivas provas.<br \/>&#8211; A inscri\u00e7\u00e3o de treinadores dever\u00e1 ser efetuada no gestor da AKRAM\u00a0no\u00a0separador\u00a0\u201cInscri\u00e7\u00e3o Treinadores\u201d.<\/p>\n<p style=\"font-weight: 400;\"><strong>VALORES DE INCRI\u00c7\u00c3O &#8211;\u00a0REGULAMENTO TAXAS FNKP &#8211;\u00a026Jul23<\/strong><strong>:<\/strong><\/p>\n<p style=\"font-weight: 400;\">ARTIGO\u00a010\u00ba INSCRI\u00c7\u00c3O EM PROVAS DA FNK-P<\/p>\n<p style=\"font-weight: 400;\">1)\u00a0<strong>Competidores\u00a0<\/strong>em provas do Campeonato Nacional individual Cadete, J\u00fanior, Sub-21 e S\u00e9nior fases regionais:\u00a0<br \/>a. Kata\u00a0<strong>\u20ac<\/strong><strong>10,00\u00a0por atleta;<br \/><\/strong>b. Kumit\u00e9\u00a0<strong>\u20ac<\/strong><strong>10,00\u00a0por atleta<\/strong>.<br \/>c. Inscri\u00e7\u00e3o fora do prazo estabelecido (antes do sorteio)\u00a0<strong>\u20ac<\/strong><strong>40,00\u00a0por atleta<\/strong><\/p>\n<p style=\"font-weight: 400;\">5)\u00a0<strong>Treinadores<\/strong>\u00a0em provas da FNK-P:<br \/>a. Com frequ\u00eancia da A\u00e7\u00e3o de Acredita\u00e7\u00e3o obrigat\u00f3ria:\u00a0<strong>\u20ac5,00 por prova<\/strong>;<br \/>c. Inscri\u00e7\u00e3o fora do prazo estabelecido (antes do sorteio)\u00a0<strong>\u20ac<\/strong><strong>30,00\u00a0por prova<\/strong><\/p>\n<p style=\"font-weight: 400;\">O Departamento de Competi\u00e7\u00e3o deseja a todos uma boa prova.<\/p>\n","protected":false},"excerpt":{"rendered":"<p>Ex. mos Treinadores e Clubes associados, A AKRAM informa que est\u00e3o abertas as inscri\u00e7\u00f5es para o&nbsp;CAMPEONATO REGIONAL MADEIRA_CADETES-JUNIORES-SUB21-SENIORES 2023-2024&nbsp;que se realizar\u00e1 a&nbsp;7 de outubro 2023. As inscri\u00e7\u00f5es devem ser efetuadas&nbsp;via online na plataforma da AKRAM e em simult\u00e2neo na Plataforma da DRJD&nbsp;at\u00e9 \u00e0 pr\u00f3xima&nbsp;segunda-feira,&nbsp;2 de outubro.&nbsp;Terminado o per\u00edodo referido&nbsp;as plataformas ser\u00e3o fechadas. Os&nbsp;hor\u00e1rios espec\u00edficos das<\/p>\n<p class=\"more-link\"><a href=\"https:\/\/www.akram.pt\/web\/2023\/09\/campeonato-nacional-fase-regional-madeira-cadetes-juniores-sub-21-e-seniores-2023\/\" class=\"themebutton\">Read More<\/a><\/p>\n","protected":false},"author":2,"featured_media":1820,"comment_status":"closed","ping_status":"open","sticky":false,"template":"","format":"standard","meta":{"_crdt_document":"","_jetpack_memberships_contains_paid_content":false,"footnotes":""},"categories":[4,9],"tags":[],"class_list":["post-1819","post","type-post","status-publish","format-standard","has-post-thumbnail","hentry","category-noticias","category-provas"],"jetpack_featured_media_url":"https:\/\/i0.wp.com\/www.akram.pt\/web\/wp-content\/uploads\/2023\/09\/image003.jpg?fit=976%2C976&ssl=1","jetpack_sharing_enabled":true,"_links":{"self":[{"href":"https:\/\/www.akram.pt\/web\/wp-json\/wp\/v2\/posts\/1819","targetHints":{"allow":["GET"]}}],"collection":[{"href":"https:\/\/www.akram.pt\/web\/wp-json\/wp\/v2\/posts"}],"about":[{"href":"https:\/\/www.akram.pt\/web\/wp-json\/wp\/v2\/types\/post"}],"author":[{"embeddable":true,"href":"https:\/\/www.akram.pt\/web\/wp-json\/wp\/v2\/users\/2"}],"replies":[{"embeddable":true,"href":"https:\/\/www.akram.pt\/web\/wp-json\/wp\/v2\/comments?post=1819"}],"version-history":[{"count":2,"href":"https:\/\/www.akram.pt\/web\/wp-json\/wp\/v2\/posts\/1819\/revisions"}],"predecessor-version":[{"id":1828,"href":"https:\/\/www.akram.pt\/web\/wp-json\/wp\/v2\/posts\/1819\/revisions\/1828"}],"wp:featuredmedia":[{"embeddable":true,"href":"https:\/\/www.akram.pt\/web\/wp-json\/wp\/v2\/media\/1820"}],"wp:attachment":[{"href":"https:\/\/www.akram.pt\/web\/wp-json\/wp\/v2\/media?parent=1819"}],"wp:term":[{"taxonomy":"category","embeddable":true,"href":"https:\/\/www.akram.pt\/web\/wp-json\/wp\/v2\/categories?post=1819"},{"taxonomy":"post_tag","embeddable":true,"href":"https:\/\/www.akram.pt\/web\/wp-json\/wp\/v2\/tags?post=1819"}],"curies":[{"name":"wp","href":"https:\/\/api.w.org\/{rel}","templated":true}]}}