{"id":1829,"date":"2023-11-15T21:20:28","date_gmt":"2023-11-15T21:20:28","guid":{"rendered":"https:\/\/www.akram.pt\/web\/?p=1829"},"modified":"2024-01-11T22:32:19","modified_gmt":"2024-01-11T22:32:19","slug":"taca-de-portugal-karate","status":"publish","type":"post","link":"https:\/\/www.akram.pt\/web\/2023\/11\/taca-de-portugal-karate\/","title":{"rendered":"Ta\u00e7a de Portugal &#8211; Karate"},"content":{"rendered":"\n<p>A AKRAM \u2013 Associa\u00e7\u00e3o de Karate da Regi\u00e3o Aut\u00f3noma da Madeira em parceria com a FNK-P \u2013 Federa\u00e7\u00e3o Nacional de Karate Portugal, organiza a prova Ta\u00e7a de Portugal, nos dias 18 e 19 de novembro de 2023, no Pavilh\u00e3o do Cani\u00e7o.<\/p>\n<p>Ser\u00e1 a primeira vez na hist\u00f3ria do Karate Nacional que a federa\u00e7\u00e3o organiza uma prova oficial de caris nacional numa regi\u00e3o aut\u00f3noma.<\/p>\n<p>Esta competi\u00e7\u00e3o registou 254 inscri\u00e7\u00f5es, sendo 217atletas e 37 treinadores de 54 Clubes, oriundos de 28 Associa\u00e7\u00f5es. Em representa\u00e7\u00e3o do Karate Regional da Madeira, participam 12 atletas madeirenses dos seguintes clubes:<\/p>\n<ul>\n<li>ASKKSA \u2013 Ana Oliveira, Tom\u00e1s Freitas, Nadja Pilco, Francisco Ornelas e Juan Gonzales;<\/li>\n<li>Clube Karate Cani\u00e7o \u2013 Constan\u00e7a Lima, Jos\u00e9 Marta e Jo\u00e3o Moreira;<\/li>\n<li>Clube Desportivo S\u00e3o Roque &#8211; Ant\u00f3nio Fernandes, Guilherme Sousa;<\/li>\n<li>Clube Karate Funchal \u2013 M\u00e1t\u00e9 Szepesi e Teresa Lima.<\/li>\n<\/ul>\n\n\n<div class=\"wp-block-image\">\n<figure class=\"aligncenter size-large\"><img data-recalc-dims=\"1\" loading=\"lazy\" decoding=\"async\" width=\"1024\" height=\"823\" data-attachment-id=\"1831\" data-permalink=\"https:\/\/www.akram.pt\/web\/2023\/11\/taca-de-portugal-karate\/atletas_madeira\/#main\" data-orig-file=\"https:\/\/i0.wp.com\/www.akram.pt\/web\/wp-content\/uploads\/2023\/11\/ATLETAS_MADEIRA.jpg?fit=1500%2C1205&amp;ssl=1\" data-orig-size=\"1500,1205\" data-comments-opened=\"0\" data-image-meta=\"{&quot;aperture&quot;:&quot;0&quot;,&quot;credit&quot;:&quot;&quot;,&quot;camera&quot;:&quot;&quot;,&quot;caption&quot;:&quot;&quot;,&quot;created_timestamp&quot;:&quot;1699745495&quot;,&quot;copyright&quot;:&quot;&quot;,&quot;focal_length&quot;:&quot;0&quot;,&quot;iso&quot;:&quot;0&quot;,&quot;shutter_speed&quot;:&quot;0&quot;,&quot;title&quot;:&quot;&quot;,&quot;orientation&quot;:&quot;1&quot;}\" data-image-title=\"ATLETAS_MADEIRA\" data-image-description=\"\" data-image-caption=\"\" data-large-file=\"https:\/\/i0.wp.com\/www.akram.pt\/web\/wp-content\/uploads\/2023\/11\/ATLETAS_MADEIRA.jpg?fit=1024%2C823&amp;ssl=1\" src=\"https:\/\/i0.wp.com\/www.akram.pt\/web\/wp-content\/uploads\/2023\/11\/ATLETAS_MADEIRA.jpg?resize=1024%2C823&#038;ssl=1\" alt=\"\" class=\"wp-image-1831\" srcset=\"https:\/\/i0.wp.com\/www.akram.pt\/web\/wp-content\/uploads\/2023\/11\/ATLETAS_MADEIRA.jpg?resize=1024%2C823&amp;ssl=1 1024w, https:\/\/i0.wp.com\/www.akram.pt\/web\/wp-content\/uploads\/2023\/11\/ATLETAS_MADEIRA.jpg?resize=300%2C241&amp;ssl=1 300w, https:\/\/i0.wp.com\/www.akram.pt\/web\/wp-content\/uploads\/2023\/11\/ATLETAS_MADEIRA.jpg?resize=768%2C617&amp;ssl=1 768w, https:\/\/i0.wp.com\/www.akram.pt\/web\/wp-content\/uploads\/2023\/11\/ATLETAS_MADEIRA.jpg?w=1500&amp;ssl=1 1500w\" sizes=\"auto, (max-width: 1024px) 100vw, 1024px\" \/><\/figure>\n<\/div>\n\n\n<p>Hor\u00e1rios da Prova:<\/p>\n<p>\u00a0<\/p>\n","protected":false},"excerpt":{"rendered":"<p>A AKRAM \u2013 Associa\u00e7\u00e3o de Karate da Regi\u00e3o Aut\u00f3noma da Madeira em parceria com a FNK-P \u2013 Federa\u00e7\u00e3o Nacional de Karate Portugal, organiza a prova Ta\u00e7a de Portugal, nos dias 18 e 19 de novembro de 2023, no Pavilh\u00e3o do Cani\u00e7o. Ser\u00e1 a primeira vez na hist\u00f3ria do Karate Nacional que a federa\u00e7\u00e3o organiza uma<\/p>\n<p class=\"more-link\"><a href=\"https:\/\/www.akram.pt\/web\/2023\/11\/taca-de-portugal-karate\/\" class=\"themebutton\">Read More<\/a><\/p>\n","protected":false},"author":2,"featured_media":1832,"comment_status":"closed","ping_status":"open","sticky":false,"template":"","format":"standard","meta":{"_crdt_document":"","_jetpack_memberships_contains_paid_content":false,"footnotes":""},"categories":[4],"tags":[],"class_list":["post-1829","post","type-post","status-publish","format-standard","has-post-thumbnail","hentry","category-noticias"],"jetpack_featured_media_url":"https:\/\/i0.wp.com\/www.akram.pt\/web\/wp-content\/uploads\/2023\/11\/Cartaz-Taca-Portugal-Madeira-2023.jpg?fit=1076%2C1341&ssl=1","jetpack_sharing_enabled":true,"_links":{"self":[{"href":"https:\/\/www.akram.pt\/web\/wp-json\/wp\/v2\/posts\/1829","targetHints":{"allow":["GET"]}}],"collection":[{"href":"https:\/\/www.akram.pt\/web\/wp-json\/wp\/v2\/posts"}],"about":[{"href":"https:\/\/www.akram.pt\/web\/wp-json\/wp\/v2\/types\/post"}],"author":[{"embeddable":true,"href":"https:\/\/www.akram.pt\/web\/wp-json\/wp\/v2\/users\/2"}],"replies":[{"embeddable":true,"href":"https:\/\/www.akram.pt\/web\/wp-json\/wp\/v2\/comments?post=1829"}],"version-history":[{"count":3,"href":"https:\/\/www.akram.pt\/web\/wp-json\/wp\/v2\/posts\/1829\/revisions"}],"predecessor-version":[{"id":1843,"href":"https:\/\/www.akram.pt\/web\/wp-json\/wp\/v2\/posts\/1829\/revisions\/1843"}],"wp:featuredmedia":[{"embeddable":true,"href":"https:\/\/www.akram.pt\/web\/wp-json\/wp\/v2\/media\/1832"}],"wp:attachment":[{"href":"https:\/\/www.akram.pt\/web\/wp-json\/wp\/v2\/media?parent=1829"}],"wp:term":[{"taxonomy":"category","embeddable":true,"href":"https:\/\/www.akram.pt\/web\/wp-json\/wp\/v2\/categories?post=1829"},{"taxonomy":"post_tag","embeddable":true,"href":"https:\/\/www.akram.pt\/web\/wp-json\/wp\/v2\/tags?post=1829"}],"curies":[{"name":"wp","href":"https:\/\/api.w.org\/{rel}","templated":true}]}}