{"id":1864,"date":"2024-03-29T07:44:34","date_gmt":"2024-03-29T07:44:34","guid":{"rendered":"https:\/\/www.akram.pt\/web\/?p=1864"},"modified":"2024-03-29T07:44:53","modified_gmt":"2024-03-29T07:44:53","slug":"karate-no-dia-mundial-da-atividade-fisica-e-do-desporto-funchal","status":"publish","type":"post","link":"https:\/\/www.akram.pt\/web\/2024\/03\/karate-no-dia-mundial-da-atividade-fisica-e-do-desporto-funchal\/","title":{"rendered":"Karat\u00e9 no Dia Mundial da Atividade F\u00edsica e do Desporto &#8211; Funchal"},"content":{"rendered":"\n<p class=\"has-medium-font-size wp-block-paragraph\">Inclu\u00eddo no Dia Mundial da Atividade F\u00edsica e do Desporto, a AKRAM ir\u00e1 estar presente no dia 6 de abril ao dinamizar uma atividade de Karat\u00e9!<\/p>\n\n\n\n<p class=\"has-medium-font-size wp-block-paragraph\">A atividade decorrer\u00e1 no Parque Urbano da Nazar\u00e9 no dia 6 de abril.<\/p>\n\n\n\n<p class=\"has-medium-font-size wp-block-paragraph\">Junta-te a n\u00f3s e participa!<\/p>\n\n\n<div class=\"wp-block-image\">\n<figure class=\"aligncenter size-large\"><img data-recalc-dims=\"1\" loading=\"lazy\" decoding=\"async\" width=\"724\" height=\"1024\" data-attachment-id=\"1863\" data-permalink=\"https:\/\/www.akram.pt\/web\/dia-mundial-da-atividade-fisica-e-desporto-2024\/\" data-orig-file=\"https:\/\/i0.wp.com\/www.akram.pt\/web\/wp-content\/uploads\/2024\/03\/DIA-MUNDIAL-DA-ATIVIDADE-FISICA-E-DESPORTO-2024_carta-A3.jpg?fit=1000%2C1414&amp;ssl=1\" data-orig-size=\"1000,1414\" data-comments-opened=\"0\" data-image-meta=\"{&quot;aperture&quot;:&quot;0&quot;,&quot;credit&quot;:&quot;&quot;,&quot;camera&quot;:&quot;&quot;,&quot;caption&quot;:&quot;&quot;,&quot;created_timestamp&quot;:&quot;1709897518&quot;,&quot;copyright&quot;:&quot;&quot;,&quot;focal_length&quot;:&quot;0&quot;,&quot;iso&quot;:&quot;0&quot;,&quot;shutter_speed&quot;:&quot;0&quot;,&quot;title&quot;:&quot;DIA MUNDIAL DA ATIVIDADE FISICA E DESPORTO 2024&quot;,&quot;orientation&quot;:&quot;1&quot;}\" data-image-title=\"DIA MUNDIAL DA ATIVIDADE FISICA E DESPORTO 2024\" data-image-description=\"\" data-image-caption=\"\" data-large-file=\"https:\/\/i0.wp.com\/www.akram.pt\/web\/wp-content\/uploads\/2024\/03\/DIA-MUNDIAL-DA-ATIVIDADE-FISICA-E-DESPORTO-2024_carta-A3.jpg?fit=724%2C1024&amp;ssl=1\" src=\"https:\/\/i0.wp.com\/www.akram.pt\/web\/wp-content\/uploads\/2024\/03\/DIA-MUNDIAL-DA-ATIVIDADE-FISICA-E-DESPORTO-2024_carta-A3.jpg?resize=724%2C1024&#038;ssl=1\" alt=\"\" class=\"wp-image-1863\" srcset=\"https:\/\/i0.wp.com\/www.akram.pt\/web\/wp-content\/uploads\/2024\/03\/DIA-MUNDIAL-DA-ATIVIDADE-FISICA-E-DESPORTO-2024_carta-A3.jpg?resize=724%2C1024&amp;ssl=1 724w, https:\/\/i0.wp.com\/www.akram.pt\/web\/wp-content\/uploads\/2024\/03\/DIA-MUNDIAL-DA-ATIVIDADE-FISICA-E-DESPORTO-2024_carta-A3.jpg?resize=212%2C300&amp;ssl=1 212w, https:\/\/i0.wp.com\/www.akram.pt\/web\/wp-content\/uploads\/2024\/03\/DIA-MUNDIAL-DA-ATIVIDADE-FISICA-E-DESPORTO-2024_carta-A3.jpg?resize=768%2C1086&amp;ssl=1 768w, https:\/\/i0.wp.com\/www.akram.pt\/web\/wp-content\/uploads\/2024\/03\/DIA-MUNDIAL-DA-ATIVIDADE-FISICA-E-DESPORTO-2024_carta-A3.jpg?w=1000&amp;ssl=1 1000w\" sizes=\"auto, (max-width: 724px) 100vw, 724px\" \/><\/figure>\n<\/div>","protected":false},"excerpt":{"rendered":"<p>Inclu\u00eddo no Dia Mundial da Atividade F\u00edsica e do Desporto, a AKRAM ir\u00e1 estar presente no dia 6 de abril ao dinamizar uma atividade de Karat\u00e9! A atividade decorrer\u00e1 no Parque Urbano da Nazar\u00e9 no dia 6 de abril. Junta-te a n\u00f3s e participa!<\/p>\n","protected":false},"author":2,"featured_media":1863,"comment_status":"closed","ping_status":"open","sticky":false,"template":"","format":"standard","meta":{"_crdt_document":"","_jetpack_memberships_contains_paid_content":false,"footnotes":""},"categories":[4],"tags":[],"class_list":["post-1864","post","type-post","status-publish","format-standard","has-post-thumbnail","hentry","category-noticias"],"jetpack_featured_media_url":"https:\/\/i0.wp.com\/www.akram.pt\/web\/wp-content\/uploads\/2024\/03\/DIA-MUNDIAL-DA-ATIVIDADE-FISICA-E-DESPORTO-2024_carta-A3.jpg?fit=1000%2C1414&ssl=1","jetpack_sharing_enabled":true,"_links":{"self":[{"href":"https:\/\/www.akram.pt\/web\/wp-json\/wp\/v2\/posts\/1864","targetHints":{"allow":["GET"]}}],"collection":[{"href":"https:\/\/www.akram.pt\/web\/wp-json\/wp\/v2\/posts"}],"about":[{"href":"https:\/\/www.akram.pt\/web\/wp-json\/wp\/v2\/types\/post"}],"author":[{"embeddable":true,"href":"https:\/\/www.akram.pt\/web\/wp-json\/wp\/v2\/users\/2"}],"replies":[{"embeddable":true,"href":"https:\/\/www.akram.pt\/web\/wp-json\/wp\/v2\/comments?post=1864"}],"version-history":[{"count":2,"href":"https:\/\/www.akram.pt\/web\/wp-json\/wp\/v2\/posts\/1864\/revisions"}],"predecessor-version":[{"id":1866,"href":"https:\/\/www.akram.pt\/web\/wp-json\/wp\/v2\/posts\/1864\/revisions\/1866"}],"wp:featuredmedia":[{"embeddable":true,"href":"https:\/\/www.akram.pt\/web\/wp-json\/wp\/v2\/media\/1863"}],"wp:attachment":[{"href":"https:\/\/www.akram.pt\/web\/wp-json\/wp\/v2\/media?parent=1864"}],"wp:term":[{"taxonomy":"category","embeddable":true,"href":"https:\/\/www.akram.pt\/web\/wp-json\/wp\/v2\/categories?post=1864"},{"taxonomy":"post_tag","embeddable":true,"href":"https:\/\/www.akram.pt\/web\/wp-json\/wp\/v2\/tags?post=1864"}],"curies":[{"name":"wp","href":"https:\/\/api.w.org\/{rel}","templated":true}]}}