{"id":1873,"date":"2024-11-06T13:23:28","date_gmt":"2024-11-06T13:23:28","guid":{"rendered":"https:\/\/www.akram.pt\/web\/?p=1873"},"modified":"2024-11-06T13:26:34","modified_gmt":"2024-11-06T13:26:34","slug":"projeto-pep-praticantes-de-elevado-potencial-ciclo-olimpico-2025-2028","status":"publish","type":"post","link":"https:\/\/www.akram.pt\/web\/2024\/11\/projeto-pep-praticantes-de-elevado-potencial-ciclo-olimpico-2025-2028\/","title":{"rendered":"Projeto PEP \u2013 Praticantes de Elevado Potencial &#8211; Ciclo Ol\u00edmpico 2025-2028"},"content":{"rendered":"\n<div dir=\"auto\">A AKRAM arrancou com a primeira atividade do Projeto de Praticantes de Elevado Potencial para o ciclo ol\u00edmpico 2025-2028, promovendo uma s\u00e9rie de treinos especializados para os praticantes de Kata e Kumite, e uma a\u00e7\u00e3o de forma\u00e7\u00e3o para treinadores orientada para os fundamentos pr\u00e1ticos da import\u00e2ncia da alfabetiza\u00e7\u00e3o motora.<\/div>\n<div dir=\"auto\">\u00a0<\/div>\n<div dir=\"auto\">A atividade realizou-se este fim de semana, no clube karat\u00e9 do Cani\u00e7o, sob a lideran\u00e7a do Diretor T\u00e9cnico do Projeto, Joaquim Gon\u00e7alves, pessoa com uma vasta experi\u00eancia no sistema educativo e no processo de forma\u00e7\u00e3o e especializa\u00e7\u00e3o desportiva, coadjuvado pelo psic\u00f3logo Nuno Cardoso, elemento com elevada experi\u00eancia no processo de acompanhamento de praticantes e treinadores de elevada performance desportiva.<\/div>\n<div dir=\"auto\">\u00a0<\/div>\n<div dir=\"auto\">No \u00e2mbito do disciplina de Kata foram promovidos conte\u00fados anal\u00edticos e integrados das qualidades f\u00edsicas e t\u00e9cnicas de caracter\u00edsticas WKF, com \u00eanfase nas compet\u00eancias percetivo-motoras, trajet\u00f3rias e estabiliza\u00e7\u00e3o posicional, enquanto no kumite abordaram-se os princ\u00edpios do sistema t\u00e9cnico-t\u00e1tico ofensivo de identidade WKF na fase da rea\u00e7\u00e3o simples dos membros superiores, sem oposi\u00e7\u00e3o.<\/div>\n<div dir=\"auto\">\u00a0<\/div>\n<div dir=\"auto\">Na psicologia do desporto, as sess\u00f5es privilegiaram dois aspetos distintos.<\/div>\n<div dir=\"auto\">O primeiro aspeto e tendo em conta o in\u00edcio da \u00e9poca desportiva, foi a defini\u00e7\u00e3o de objetivos e neste sentido dotar os atletas de compet\u00eancias para a sua formula\u00e7\u00e3o. Na perspectiva de direcionarem os treinos e a aten\u00e7\u00e3o para os seus objetivos de forma coerente, realista e positiva.<\/div>\n<div dir=\"auto\">Um outro aspeto prendeu-se na continuidade do trabalho anteriormente realizado, melhorar a prepara\u00e7\u00e3o psicol\u00f3gica para momentos competitivos.<\/div>\n<div dir=\"auto\">\u00a0<\/div>\n<div dir=\"auto\">Foi tamb\u00e9m criado um contexto de competi\u00e7\u00e3o, com o objetivo de potenciar as condi\u00e7\u00f5es e caracter\u00edsticas em ambiente competitivo.<\/div>\n<div dir=\"auto\">\u00a0<\/div>\n<div dir=\"auto\">Face \u00e0 relev\u00e2ncia da forma\u00e7\u00e3o continua de treinadores do projeto, realizou-se a A\u00e7\u00e3o de Forma\u00e7\u00e3o creditada pelo IPDJ sob o tema &#8220;Alfabetiza\u00e7\u00e3o Motora \u2013 Fundamentos Te\u00f3ricos \u201cKarate Sport at School\u201d, tendo sido realizada a componente pr\u00e1tica, enquanto a parte te\u00f3rica est\u00e1 agendada para o dia 30 de outubro via on-line.<\/div>\n<div dir=\"auto\">Os clubes que participaram nestas atividades foram: Associa\u00e7\u00e3o Shotokan Kokusai Karat\u00e9 Santo Ant\u00f3nio, Clube Karate Cani\u00e7o, Clube Desportivo Escola B\u00e1sica e Secund\u00e1ria de Santa Cruz e Clube Karate Do Funchal.<\/div>\n<div dir=\"auto\">\u00a0<\/div>\n<div dir=\"auto\">De salientar a excelente entrega, empenho e esp\u00edrito de todo o grupo de trabalho.<\/div>\n<div dir=\"auto\">\u00a0<\/div>\n<div dir=\"auto\">A Dire\u00e7\u00e3o da AKRAM endere\u00e7a o seu agradecimento \u00e0 Dire\u00e7\u00e3o Regional de Desporto por todo o apoio a este Projeto.<\/div>\n\n\n\n<div dir=\"auto\">A AKRAM arrancou com a primeira atividade do Projeto de Praticantes de Elevado Potencial para o ciclo ol\u00edmpico 2025-2028, promovendo uma s\u00e9rie de treinos especializados para os praticantes de Kata e Kumite, e uma a\u00e7\u00e3o de forma\u00e7\u00e3o para treinadores orientada para os fundamentos pr\u00e1ticos da import\u00e2ncia da alfabetiza\u00e7\u00e3o motora.<\/div>\n<div dir=\"auto\">\u00a0<\/div>\n<div dir=\"auto\">A atividade realizou-se este fim de semana, no clube karat\u00e9 do Cani\u00e7o, sob a lideran\u00e7a do Diretor T\u00e9cnico do Projeto, Joaquim Gon\u00e7alves, pessoa com uma vasta experi\u00eancia no sistema educativo e no processo de forma\u00e7\u00e3o e especializa\u00e7\u00e3o desportiva, coadjuvado pelo psic\u00f3logo Nuno Cardoso, elemento com elevada experi\u00eancia no processo de acompanhamento de praticantes e treinadores de elevada performance desportiva.<\/div>\n<div dir=\"auto\">\u00a0<\/div>\n<div dir=\"auto\">No \u00e2mbito do disciplina de Kata foram promovidos conte\u00fados anal\u00edticos e integrados das qualidades f\u00edsicas e t\u00e9cnicas de caracter\u00edsticas WKF, com \u00eanfase nas compet\u00eancias percetivo-motoras, trajet\u00f3rias e estabiliza\u00e7\u00e3o posicional, enquanto no kumite abordaram-se os princ\u00edpios do sistema t\u00e9cnico-t\u00e1tico ofensivo de identidade WKF na fase da rea\u00e7\u00e3o simples dos membros superiores, sem oposi\u00e7\u00e3o.<\/div>\n<div dir=\"auto\">\u00a0<\/div>\n<div dir=\"auto\">Na psicologia do desporto, as sess\u00f5es privilegiaram dois aspetos distintos.<\/div>\n<div dir=\"auto\">O primeiro aspeto e tendo em conta o in\u00edcio da \u00e9poca desportiva, foi a defini\u00e7\u00e3o de objetivos e neste sentido dotar os atletas de compet\u00eancias para a sua formula\u00e7\u00e3o. Na perspectiva de direcionarem os treinos e a aten\u00e7\u00e3o para os seus objetivos de forma coerente, realista e positiva.<\/div>\n<div dir=\"auto\">Um outro aspeto prendeu-se na continuidade do trabalho anteriormente realizado, melhorar a prepara\u00e7\u00e3o psicol\u00f3gica para momentos competitivos.<\/div>\n<div dir=\"auto\">\u00a0<\/div>\n<div dir=\"auto\">Foi tamb\u00e9m criado um contexto de competi\u00e7\u00e3o, com o objetivo de potenciar as condi\u00e7\u00f5es e caracter\u00edsticas em ambiente competitivo.<\/div>\n<div dir=\"auto\">\u00a0<\/div>\n<div dir=\"auto\">Face \u00e0 relev\u00e2ncia da forma\u00e7\u00e3o continua de treinadores do projeto, realizou-se a A\u00e7\u00e3o de Forma\u00e7\u00e3o creditada pelo IPDJ sob o tema &#8220;Alfabetiza\u00e7\u00e3o Motora \u2013 Fundamentos Te\u00f3ricos \u201cKarate Sport at School\u201d, tendo sido realizada a componente pr\u00e1tica, enquanto a parte te\u00f3rica est\u00e1 agendada para o dia 30 de outubro via on-line.<\/div>\n<div dir=\"auto\">Os clubes que participaram nestas atividades foram: Associa\u00e7\u00e3o Shotokan Kokusai Karat\u00e9 Santo Ant\u00f3nio, Clube Karate Cani\u00e7o, Clube Desportivo Escola B\u00e1sica e Secund\u00e1ria de Santa Cruz e Clube Karate Do Funchal.<\/div>\n<div dir=\"auto\">\u00a0<\/div>\n<div dir=\"auto\">De salientar a excelente entrega, empenho e esp\u00edrito de todo o grupo de trabalho.<\/div>\n<div dir=\"auto\">\u00a0<\/div>\n<div dir=\"auto\">A Dire\u00e7\u00e3o da AKRAM endere\u00e7a o seu agradecimento \u00e0 Dire\u00e7\u00e3o Regional de Desporto por todo o apoio a este Projeto.<\/div>\n\n\n\n<p class=\"wp-block-paragraph\"><\/p>\n\n\n<div class=\"wp-block-image\">\n<figure class=\"aligncenter size-large\"><img data-recalc-dims=\"1\" loading=\"lazy\" decoding=\"async\" width=\"1024\" height=\"768\" data-attachment-id=\"1875\" data-permalink=\"https:\/\/www.akram.pt\/web\/2024\/11\/projeto-pep-praticantes-de-elevado-potencial-ciclo-olimpico-2025-2028\/20241026_110201\/#main\" data-orig-file=\"https:\/\/i0.wp.com\/www.akram.pt\/web\/wp-content\/uploads\/2024\/11\/20241026_110201.jpg?fit=2000%2C1500&amp;ssl=1\" data-orig-size=\"2000,1500\" data-comments-opened=\"0\" data-image-meta=\"{&quot;aperture&quot;:&quot;2.2&quot;,&quot;credit&quot;:&quot;&quot;,&quot;camera&quot;:&quot;Galaxy S24 Ultra&quot;,&quot;caption&quot;:&quot;&quot;,&quot;created_timestamp&quot;:&quot;1729940521&quot;,&quot;copyright&quot;:&quot;&quot;,&quot;focal_length&quot;:&quot;2.2&quot;,&quot;iso&quot;:&quot;80&quot;,&quot;shutter_speed&quot;:&quot;0.02&quot;,&quot;title&quot;:&quot;&quot;,&quot;orientation&quot;:&quot;1&quot;}\" data-image-title=\"Grupo PEP 2024-28\" data-image-description=\"\" data-image-caption=\"\" data-large-file=\"https:\/\/i0.wp.com\/www.akram.pt\/web\/wp-content\/uploads\/2024\/11\/20241026_110201.jpg?fit=1024%2C768&amp;ssl=1\" src=\"https:\/\/i0.wp.com\/www.akram.pt\/web\/wp-content\/uploads\/2024\/11\/20241026_110201.jpg?resize=1024%2C768&#038;ssl=1\" alt=\"\" class=\"wp-image-1875\" srcset=\"https:\/\/i0.wp.com\/www.akram.pt\/web\/wp-content\/uploads\/2024\/11\/20241026_110201.jpg?resize=1024%2C768&amp;ssl=1 1024w, https:\/\/i0.wp.com\/www.akram.pt\/web\/wp-content\/uploads\/2024\/11\/20241026_110201.jpg?resize=300%2C225&amp;ssl=1 300w, https:\/\/i0.wp.com\/www.akram.pt\/web\/wp-content\/uploads\/2024\/11\/20241026_110201.jpg?resize=768%2C576&amp;ssl=1 768w, https:\/\/i0.wp.com\/www.akram.pt\/web\/wp-content\/uploads\/2024\/11\/20241026_110201.jpg?resize=1536%2C1152&amp;ssl=1 1536w, https:\/\/i0.wp.com\/www.akram.pt\/web\/wp-content\/uploads\/2024\/11\/20241026_110201.jpg?resize=380%2C285&amp;ssl=1 380w, https:\/\/i0.wp.com\/www.akram.pt\/web\/wp-content\/uploads\/2024\/11\/20241026_110201.jpg?resize=285%2C214&amp;ssl=1 285w, https:\/\/i0.wp.com\/www.akram.pt\/web\/wp-content\/uploads\/2024\/11\/20241026_110201.jpg?w=2000&amp;ssl=1 2000w\" sizes=\"auto, (max-width: 1024px) 100vw, 1024px\" \/><\/figure>\n<\/div>\n\n","protected":false},"excerpt":{"rendered":"<p>A AKRAM arrancou com a primeira atividade do Projeto de Praticantes de Elevado Potencial para o ciclo ol\u00edmpico 2025-2028, promovendo uma s\u00e9rie de treinos especializados para os praticantes de Kata e Kumite, e uma a\u00e7\u00e3o de forma\u00e7\u00e3o para treinadores orientada para os fundamentos pr\u00e1ticos da import\u00e2ncia da alfabetiza\u00e7\u00e3o motora. \u00a0 A atividade realizou-se este fim<\/p>\n<p class=\"more-link\"><a href=\"https:\/\/www.akram.pt\/web\/2024\/11\/projeto-pep-praticantes-de-elevado-potencial-ciclo-olimpico-2025-2028\/\" class=\"themebutton\">Read More<\/a><\/p>\n","protected":false},"author":2,"featured_media":1875,"comment_status":"closed","ping_status":"open","sticky":false,"template":"","format":"standard","meta":{"_crdt_document":"","_jetpack_memberships_contains_paid_content":false,"footnotes":""},"categories":[7,4],"tags":[],"class_list":["post-1873","post","type-post","status-publish","format-standard","has-post-thumbnail","hentry","category-actividades","category-noticias"],"jetpack_featured_media_url":"https:\/\/i0.wp.com\/www.akram.pt\/web\/wp-content\/uploads\/2024\/11\/20241026_110201.jpg?fit=2000%2C1500&ssl=1","jetpack_sharing_enabled":true,"_links":{"self":[{"href":"https:\/\/www.akram.pt\/web\/wp-json\/wp\/v2\/posts\/1873","targetHints":{"allow":["GET"]}}],"collection":[{"href":"https:\/\/www.akram.pt\/web\/wp-json\/wp\/v2\/posts"}],"about":[{"href":"https:\/\/www.akram.pt\/web\/wp-json\/wp\/v2\/types\/post"}],"author":[{"embeddable":true,"href":"https:\/\/www.akram.pt\/web\/wp-json\/wp\/v2\/users\/2"}],"replies":[{"embeddable":true,"href":"https:\/\/www.akram.pt\/web\/wp-json\/wp\/v2\/comments?post=1873"}],"version-history":[{"count":2,"href":"https:\/\/www.akram.pt\/web\/wp-json\/wp\/v2\/posts\/1873\/revisions"}],"predecessor-version":[{"id":1877,"href":"https:\/\/www.akram.pt\/web\/wp-json\/wp\/v2\/posts\/1873\/revisions\/1877"}],"wp:featuredmedia":[{"embeddable":true,"href":"https:\/\/www.akram.pt\/web\/wp-json\/wp\/v2\/media\/1875"}],"wp:attachment":[{"href":"https:\/\/www.akram.pt\/web\/wp-json\/wp\/v2\/media?parent=1873"}],"wp:term":[{"taxonomy":"category","embeddable":true,"href":"https:\/\/www.akram.pt\/web\/wp-json\/wp\/v2\/categories?post=1873"},{"taxonomy":"post_tag","embeddable":true,"href":"https:\/\/www.akram.pt\/web\/wp-json\/wp\/v2\/tags?post=1873"}],"curies":[{"name":"wp","href":"https:\/\/api.w.org\/{rel}","templated":true}]}}