{"id":452,"date":"2016-09-27T21:18:21","date_gmt":"2016-09-27T21:18:21","guid":{"rendered":"http:\/\/www.akram.pt\/web\/?p=452"},"modified":"2016-09-27T21:21:23","modified_gmt":"2016-09-27T21:21:23","slug":"estagio-com-o-selecionador-nacional","status":"publish","type":"post","link":"https:\/\/www.akram.pt\/web\/2016\/09\/estagio-com-o-selecionador-nacional\/","title":{"rendered":"Est\u00e1gio com o Selecionador Nacional"},"content":{"rendered":"<div dir=\"ltr\">Decorreu nos passados dias 24 e 25 de setembro no pavilh\u00e3o do Cani\u00e7o, uma forma\u00e7\u00e3o com o Selecionador Nacional de Karat\u00e9, Prof Joaquim Gon\u00e7alves, que abordou v\u00e1rios aspetos te\u00f3ricos e pr\u00e1ticos da nossa modalidade.<\/div>\n<div dir=\"ltr\">\n<div>\u00a0<\/div>\n<div>Participaram nesta forma\u00e7\u00e3o de 10 horas cerca de 60 atletas e 11 treinadores.<\/div>\n<div>\u00a0<\/div>\n<div>Os clubes que marcaram presen\u00e7a atrav\u00e9s dos seus atletas e treinadores foram Clube Karate Cani\u00e7o, ASKKSA, Clube Escola Santa Cruz, Associa\u00e7\u00e3o Desportiva de Machico, Clube Naval do Funchal e Clube Desportivo S\u00e3o Roque.<\/div>\n<div>\u00a0<\/div>\n<div><a href=\"https:\/\/i0.wp.com\/www.akram.pt\/web\/wp-content\/uploads\/2016\/09\/estagio_joaquim_goncalces_09_2016.jpg\" rel=\"lightbox[452]\"><img data-recalc-dims=\"1\" loading=\"lazy\" decoding=\"async\" data-attachment-id=\"444\" data-permalink=\"https:\/\/www.akram.pt\/web\/2016\/09\/treino-de-captacao-para-projeto-pep\/estagio_joaquim_goncalces_09_2016\/#main\" data-orig-file=\"https:\/\/i0.wp.com\/www.akram.pt\/web\/wp-content\/uploads\/2016\/09\/estagio_joaquim_goncalces_09_2016.jpg?fit=3264%2C2448&amp;ssl=1\" data-orig-size=\"3264,2448\" data-comments-opened=\"0\" data-image-meta=\"{&quot;aperture&quot;:&quot;2.2&quot;,&quot;credit&quot;:&quot;&quot;,&quot;camera&quot;:&quot;iPhone 6 Plus&quot;,&quot;caption&quot;:&quot;&quot;,&quot;created_timestamp&quot;:&quot;1474798024&quot;,&quot;copyright&quot;:&quot;&quot;,&quot;focal_length&quot;:&quot;4.15&quot;,&quot;iso&quot;:&quot;40&quot;,&quot;shutter_speed&quot;:&quot;0.03030303030303&quot;,&quot;title&quot;:&quot;&quot;,&quot;orientation&quot;:&quot;1&quot;}\" data-image-title=\"estagio_joaquim_goncalces_09_2016\" data-image-description=\"\" data-image-caption=\"\" data-large-file=\"https:\/\/i0.wp.com\/www.akram.pt\/web\/wp-content\/uploads\/2016\/09\/estagio_joaquim_goncalces_09_2016.jpg?fit=1024%2C768&amp;ssl=1\" class=\"wp-image-444 size-medium aligncenter\" src=\"https:\/\/i0.wp.com\/www.akram.pt\/web\/wp-content\/uploads\/2016\/09\/estagio_joaquim_goncalces_09_2016-300x225.jpg?resize=300%2C225\" alt=\"estagio_joaquim_goncalces_09_2016\" width=\"300\" height=\"225\" srcset=\"https:\/\/i0.wp.com\/www.akram.pt\/web\/wp-content\/uploads\/2016\/09\/estagio_joaquim_goncalces_09_2016.jpg?resize=300%2C225&amp;ssl=1 300w, https:\/\/i0.wp.com\/www.akram.pt\/web\/wp-content\/uploads\/2016\/09\/estagio_joaquim_goncalces_09_2016.jpg?resize=768%2C576&amp;ssl=1 768w, https:\/\/i0.wp.com\/www.akram.pt\/web\/wp-content\/uploads\/2016\/09\/estagio_joaquim_goncalces_09_2016.jpg?resize=1024%2C768&amp;ssl=1 1024w, https:\/\/i0.wp.com\/www.akram.pt\/web\/wp-content\/uploads\/2016\/09\/estagio_joaquim_goncalces_09_2016.jpg?resize=380%2C285&amp;ssl=1 380w, https:\/\/i0.wp.com\/www.akram.pt\/web\/wp-content\/uploads\/2016\/09\/estagio_joaquim_goncalces_09_2016.jpg?resize=285%2C214&amp;ssl=1 285w, https:\/\/i0.wp.com\/www.akram.pt\/web\/wp-content\/uploads\/2016\/09\/estagio_joaquim_goncalces_09_2016.jpg?w=2340&amp;ssl=1 2340w\" sizes=\"auto, (max-width: 300px) 100vw, 300px\" \/><\/a><\/div>\n<\/div>\n","protected":false},"excerpt":{"rendered":"<p>Decorreu nos passados dias 24 e 25 de setembro no pavilh\u00e3o do Cani\u00e7o, uma forma\u00e7\u00e3o com o Selecionador Nacional de Karat\u00e9, Prof Joaquim Gon\u00e7alves, que abordou v\u00e1rios aspetos te\u00f3ricos e pr\u00e1ticos da nossa modalidade. \u00a0 Participaram nesta forma\u00e7\u00e3o de 10 horas cerca de 60 atletas e 11 treinadores. \u00a0 Os clubes que marcaram presen\u00e7a atrav\u00e9s<\/p>\n<p class=\"more-link\"><a href=\"https:\/\/www.akram.pt\/web\/2016\/09\/estagio-com-o-selecionador-nacional\/\" class=\"themebutton\">Read More<\/a><\/p>\n","protected":false},"author":2,"featured_media":444,"comment_status":"closed","ping_status":"open","sticky":false,"template":"","format":"standard","meta":{"_crdt_document":"","_jetpack_memberships_contains_paid_content":false,"footnotes":""},"categories":[4],"tags":[],"class_list":["post-452","post","type-post","status-publish","format-standard","has-post-thumbnail","hentry","category-noticias"],"jetpack_featured_media_url":"https:\/\/i0.wp.com\/www.akram.pt\/web\/wp-content\/uploads\/2016\/09\/estagio_joaquim_goncalces_09_2016.jpg?fit=3264%2C2448&ssl=1","jetpack_sharing_enabled":true,"_links":{"self":[{"href":"https:\/\/www.akram.pt\/web\/wp-json\/wp\/v2\/posts\/452","targetHints":{"allow":["GET"]}}],"collection":[{"href":"https:\/\/www.akram.pt\/web\/wp-json\/wp\/v2\/posts"}],"about":[{"href":"https:\/\/www.akram.pt\/web\/wp-json\/wp\/v2\/types\/post"}],"author":[{"embeddable":true,"href":"https:\/\/www.akram.pt\/web\/wp-json\/wp\/v2\/users\/2"}],"replies":[{"embeddable":true,"href":"https:\/\/www.akram.pt\/web\/wp-json\/wp\/v2\/comments?post=452"}],"version-history":[{"count":0,"href":"https:\/\/www.akram.pt\/web\/wp-json\/wp\/v2\/posts\/452\/revisions"}],"wp:featuredmedia":[{"embeddable":true,"href":"https:\/\/www.akram.pt\/web\/wp-json\/wp\/v2\/media\/444"}],"wp:attachment":[{"href":"https:\/\/www.akram.pt\/web\/wp-json\/wp\/v2\/media?parent=452"}],"wp:term":[{"taxonomy":"category","embeddable":true,"href":"https:\/\/www.akram.pt\/web\/wp-json\/wp\/v2\/categories?post=452"},{"taxonomy":"post_tag","embeddable":true,"href":"https:\/\/www.akram.pt\/web\/wp-json\/wp\/v2\/tags?post=452"}],"curies":[{"name":"wp","href":"https:\/\/api.w.org\/{rel}","templated":true}]}}