{"id":468,"date":"2016-10-03T18:36:57","date_gmt":"2016-10-03T18:36:57","guid":{"rendered":"http:\/\/www.akram.pt\/web\/?p=468"},"modified":"2016-10-03T18:36:57","modified_gmt":"2016-10-03T18:36:57","slug":"treino-de-captacao-pep-kata","status":"publish","type":"post","link":"https:\/\/www.akram.pt\/web\/2016\/10\/treino-de-captacao-pep-kata\/","title":{"rendered":"Treino de Capta\u00e7\u00e3o &#8211; PEP Kata"},"content":{"rendered":"<p>Decorreu no passado dia 2 de outubro o treino de capta\u00e7\u00e3o de atletas para o projeto PEP, na vertente de Kata.\u00a0Foram candidatados 29 atletas,\u00a0nos escal\u00f5es de Infantis (8-9anos) a\u00a0S\u00e9nior dos clubes\u00a0ASKKSA, ADM, CDSR, CDESSC, CKC, CNF. Estiveram tamb\u00e9m presentes 7 treinadores.<\/p>\n<p>As candidaturas\u00a0foram limitadas a 2 atletas por clube, obrigado a que os clubes filtrassem os seus melhores atletas para candidatarem a este projeto.<\/p>\n<p>Foram feitos v\u00e1rios testes,\u00a0predominantemente na componente f\u00edsica.<\/p>\n<p>O n\u00edvel t\u00e9cnico e f\u00edsico foi\u00a0satisfat\u00f3rio para o in\u00edcio e forma\u00e7\u00e3o do grupo de trabalho.<\/p>\n<p>De salientar um ambiente e conv\u00edvio bastante positivo para o desenvolvimento do karate regional.<\/p>\n<p><a href=\"https:\/\/i0.wp.com\/www.akram.pt\/web\/wp-content\/uploads\/2016\/10\/atletas_treino_captacao_pep_kata_2016.jpg\" rel=\"lightbox[468]\"><img data-recalc-dims=\"1\" loading=\"lazy\" decoding=\"async\" data-attachment-id=\"469\" data-permalink=\"https:\/\/www.akram.pt\/web\/2016\/10\/treino-de-captacao-pep-kata\/atletas_treino_captacao_pep_kata_2016\/#main\" data-orig-file=\"https:\/\/i0.wp.com\/www.akram.pt\/web\/wp-content\/uploads\/2016\/10\/atletas_treino_captacao_pep_kata_2016.jpg?fit=3264%2C2448&amp;ssl=1\" data-orig-size=\"3264,2448\" data-comments-opened=\"0\" data-image-meta=\"{&quot;aperture&quot;:&quot;2.2&quot;,&quot;credit&quot;:&quot;&quot;,&quot;camera&quot;:&quot;iPhone 6&quot;,&quot;caption&quot;:&quot;&quot;,&quot;created_timestamp&quot;:&quot;1475407812&quot;,&quot;copyright&quot;:&quot;&quot;,&quot;focal_length&quot;:&quot;4.15&quot;,&quot;iso&quot;:&quot;32&quot;,&quot;shutter_speed&quot;:&quot;0.02&quot;,&quot;title&quot;:&quot;&quot;,&quot;orientation&quot;:&quot;1&quot;}\" data-image-title=\"atletas_treino_captacao_pep_kata_2016\" data-image-description=\"\" data-image-caption=\"\" data-large-file=\"https:\/\/i0.wp.com\/www.akram.pt\/web\/wp-content\/uploads\/2016\/10\/atletas_treino_captacao_pep_kata_2016.jpg?fit=1024%2C768&amp;ssl=1\" class=\"aligncenter wp-image-469 size-medium\" src=\"https:\/\/i0.wp.com\/www.akram.pt\/web\/wp-content\/uploads\/2016\/10\/atletas_treino_captacao_pep_kata_2016-300x225.jpg?resize=300%2C225\" alt=\"atletas_treino_captacao_pep_kata_2016\" width=\"300\" height=\"225\" srcset=\"https:\/\/i0.wp.com\/www.akram.pt\/web\/wp-content\/uploads\/2016\/10\/atletas_treino_captacao_pep_kata_2016.jpg?resize=300%2C225&amp;ssl=1 300w, https:\/\/i0.wp.com\/www.akram.pt\/web\/wp-content\/uploads\/2016\/10\/atletas_treino_captacao_pep_kata_2016.jpg?resize=768%2C576&amp;ssl=1 768w, https:\/\/i0.wp.com\/www.akram.pt\/web\/wp-content\/uploads\/2016\/10\/atletas_treino_captacao_pep_kata_2016.jpg?resize=1024%2C768&amp;ssl=1 1024w, https:\/\/i0.wp.com\/www.akram.pt\/web\/wp-content\/uploads\/2016\/10\/atletas_treino_captacao_pep_kata_2016.jpg?resize=380%2C285&amp;ssl=1 380w, https:\/\/i0.wp.com\/www.akram.pt\/web\/wp-content\/uploads\/2016\/10\/atletas_treino_captacao_pep_kata_2016.jpg?resize=285%2C214&amp;ssl=1 285w, https:\/\/i0.wp.com\/www.akram.pt\/web\/wp-content\/uploads\/2016\/10\/atletas_treino_captacao_pep_kata_2016.jpg?w=2340&amp;ssl=1 2340w\" sizes=\"auto, (max-width: 300px) 100vw, 300px\" \/><\/a><\/p>\n","protected":false},"excerpt":{"rendered":"<p>Decorreu no passado dia 2 de outubro o treino de capta\u00e7\u00e3o de atletas para o projeto PEP, na vertente de Kata.\u00a0Foram candidatados 29 atletas,\u00a0nos escal\u00f5es de Infantis (8-9anos) a\u00a0S\u00e9nior dos clubes\u00a0ASKKSA, ADM, CDSR, CDESSC, CKC, CNF. Estiveram tamb\u00e9m presentes 7 treinadores. As candidaturas\u00a0foram limitadas a 2 atletas por clube, obrigado a que os clubes filtrassem<\/p>\n<p class=\"more-link\"><a href=\"https:\/\/www.akram.pt\/web\/2016\/10\/treino-de-captacao-pep-kata\/\" class=\"themebutton\">Read More<\/a><\/p>\n","protected":false},"author":2,"featured_media":469,"comment_status":"closed","ping_status":"open","sticky":false,"template":"","format":"standard","meta":{"_crdt_document":"","_jetpack_memberships_contains_paid_content":false,"footnotes":""},"categories":[7,4],"tags":[],"class_list":["post-468","post","type-post","status-publish","format-standard","has-post-thumbnail","hentry","category-actividades","category-noticias"],"jetpack_featured_media_url":"https:\/\/i0.wp.com\/www.akram.pt\/web\/wp-content\/uploads\/2016\/10\/atletas_treino_captacao_pep_kata_2016.jpg?fit=3264%2C2448&ssl=1","jetpack_sharing_enabled":true,"_links":{"self":[{"href":"https:\/\/www.akram.pt\/web\/wp-json\/wp\/v2\/posts\/468","targetHints":{"allow":["GET"]}}],"collection":[{"href":"https:\/\/www.akram.pt\/web\/wp-json\/wp\/v2\/posts"}],"about":[{"href":"https:\/\/www.akram.pt\/web\/wp-json\/wp\/v2\/types\/post"}],"author":[{"embeddable":true,"href":"https:\/\/www.akram.pt\/web\/wp-json\/wp\/v2\/users\/2"}],"replies":[{"embeddable":true,"href":"https:\/\/www.akram.pt\/web\/wp-json\/wp\/v2\/comments?post=468"}],"version-history":[{"count":0,"href":"https:\/\/www.akram.pt\/web\/wp-json\/wp\/v2\/posts\/468\/revisions"}],"wp:featuredmedia":[{"embeddable":true,"href":"https:\/\/www.akram.pt\/web\/wp-json\/wp\/v2\/media\/469"}],"wp:attachment":[{"href":"https:\/\/www.akram.pt\/web\/wp-json\/wp\/v2\/media?parent=468"}],"wp:term":[{"taxonomy":"category","embeddable":true,"href":"https:\/\/www.akram.pt\/web\/wp-json\/wp\/v2\/categories?post=468"},{"taxonomy":"post_tag","embeddable":true,"href":"https:\/\/www.akram.pt\/web\/wp-json\/wp\/v2\/tags?post=468"}],"curies":[{"name":"wp","href":"https:\/\/api.w.org\/{rel}","templated":true}]}}