{"id":471,"date":"2016-10-05T12:38:03","date_gmt":"2016-10-05T12:38:03","guid":{"rendered":"http:\/\/www.akram.pt\/web\/?p=471"},"modified":"2016-10-05T13:23:38","modified_gmt":"2016-10-05T13:23:38","slug":"1a-jornada-da-liga-olimpica-de-karate-201617","status":"publish","type":"post","link":"https:\/\/www.akram.pt\/web\/2016\/10\/1a-jornada-da-liga-olimpica-de-karate-201617\/","title":{"rendered":"1\u00aa Jornada da Liga Ol\u00edmpica de Karat\u00e9 &#8211; 2016\/17"},"content":{"rendered":"<p>Realiza-se hoje, 5 de outubro, a 1\u00aa Jornada da Liga Ol\u00edmpica de Karat\u00e9 &#8211; 2016\/17 no Complexo Desportivo de Alcabideche.<\/p>\n<p>A AKRAM est\u00e1 representada com 5 atletas: Henrique Ferreira, David Moreira e Ricardo Viveiros do CKC, e os atletas Jo\u00e3o Casimiro e Andr\u00e9 Pestana da ASKKSA.<\/p>\n<p>A acompanhar a comitiva, est\u00e3o os treinadores Liliana F\u00e9lix, Eduardo Martins e Rafael Jardim.<\/p>\n<p>A AKRAM deseja boa prova a todos os atletas!<\/p>\n<p><a href=\"https:\/\/i0.wp.com\/www.akram.pt\/web\/wp-content\/uploads\/2016\/10\/comitiva_1_lok_201617.jpg\" rel=\"lightbox[471]\"><img data-recalc-dims=\"1\" loading=\"lazy\" decoding=\"async\" data-attachment-id=\"472\" data-permalink=\"https:\/\/www.akram.pt\/web\/2016\/10\/1a-jornada-da-liga-olimpica-de-karate-201617\/cartaz_1_lok_201617\/#main\" data-orig-file=\"https:\/\/i0.wp.com\/www.akram.pt\/web\/wp-content\/uploads\/2016\/10\/cartaz_1_lok_201617.jpg?fit=790%2C1116&amp;ssl=1\" data-orig-size=\"790,1116\" data-comments-opened=\"0\" data-image-meta=\"{&quot;aperture&quot;:&quot;0&quot;,&quot;credit&quot;:&quot;Don Freixinho&quot;,&quot;camera&quot;:&quot;&quot;,&quot;caption&quot;:&quot;&quot;,&quot;created_timestamp&quot;:&quot;0&quot;,&quot;copyright&quot;:&quot;&quot;,&quot;focal_length&quot;:&quot;0&quot;,&quot;iso&quot;:&quot;0&quot;,&quot;shutter_speed&quot;:&quot;0&quot;,&quot;title&quot;:&quot;&quot;,&quot;orientation&quot;:&quot;0&quot;}\" data-image-title=\"cartaz_1_lok_201617\" data-image-description=\"\" data-image-caption=\"\" data-large-file=\"https:\/\/i0.wp.com\/www.akram.pt\/web\/wp-content\/uploads\/2016\/10\/cartaz_1_lok_201617.jpg?fit=725%2C1024&amp;ssl=1\" class=\"aligncenter wp-image-472 size-medium\" src=\"https:\/\/i0.wp.com\/www.akram.pt\/web\/wp-content\/uploads\/2016\/10\/cartaz_1_lok_201617-212x300.jpg?resize=212%2C300\" alt=\"cartaz_1_lok_201617\" width=\"212\" height=\"300\" srcset=\"https:\/\/i0.wp.com\/www.akram.pt\/web\/wp-content\/uploads\/2016\/10\/cartaz_1_lok_201617.jpg?resize=212%2C300&amp;ssl=1 212w, https:\/\/i0.wp.com\/www.akram.pt\/web\/wp-content\/uploads\/2016\/10\/cartaz_1_lok_201617.jpg?resize=768%2C1085&amp;ssl=1 768w, https:\/\/i0.wp.com\/www.akram.pt\/web\/wp-content\/uploads\/2016\/10\/cartaz_1_lok_201617.jpg?resize=725%2C1024&amp;ssl=1 725w, https:\/\/i0.wp.com\/www.akram.pt\/web\/wp-content\/uploads\/2016\/10\/cartaz_1_lok_201617.jpg?w=790&amp;ssl=1 790w\" sizes=\"auto, (max-width: 212px) 100vw, 212px\" \/><\/a><\/p>\n<p><a href=\"https:\/\/i0.wp.com\/www.akram.pt\/web\/wp-content\/uploads\/2016\/10\/comitiva_1_lok_201617.jpg\" rel=\"lightbox[471]\"><img data-recalc-dims=\"1\" loading=\"lazy\" decoding=\"async\" data-attachment-id=\"475\" data-permalink=\"https:\/\/www.akram.pt\/web\/2016\/10\/1a-jornada-da-liga-olimpica-de-karate-201617\/comitiva_1_lok_201617\/#main\" data-orig-file=\"https:\/\/i0.wp.com\/www.akram.pt\/web\/wp-content\/uploads\/2016\/10\/comitiva_1_lok_201617.jpg?fit=960%2C720&amp;ssl=1\" data-orig-size=\"960,720\" data-comments-opened=\"0\" data-image-meta=\"{&quot;aperture&quot;:&quot;0&quot;,&quot;credit&quot;:&quot;&quot;,&quot;camera&quot;:&quot;&quot;,&quot;caption&quot;:&quot;&quot;,&quot;created_timestamp&quot;:&quot;0&quot;,&quot;copyright&quot;:&quot;&quot;,&quot;focal_length&quot;:&quot;0&quot;,&quot;iso&quot;:&quot;0&quot;,&quot;shutter_speed&quot;:&quot;0&quot;,&quot;title&quot;:&quot;&quot;,&quot;orientation&quot;:&quot;0&quot;}\" data-image-title=\"comitiva_1_lok_201617\" data-image-description=\"\" data-image-caption=\"\" data-large-file=\"https:\/\/i0.wp.com\/www.akram.pt\/web\/wp-content\/uploads\/2016\/10\/comitiva_1_lok_201617.jpg?fit=960%2C720&amp;ssl=1\" class=\"aligncenter wp-image-475 size-medium\" src=\"https:\/\/i0.wp.com\/www.akram.pt\/web\/wp-content\/uploads\/2016\/10\/comitiva_1_lok_201617-300x225.jpg?resize=300%2C225\" alt=\"comitiva_1_lok_201617\" width=\"300\" height=\"225\" srcset=\"https:\/\/i0.wp.com\/www.akram.pt\/web\/wp-content\/uploads\/2016\/10\/comitiva_1_lok_201617.jpg?resize=300%2C225&amp;ssl=1 300w, https:\/\/i0.wp.com\/www.akram.pt\/web\/wp-content\/uploads\/2016\/10\/comitiva_1_lok_201617.jpg?resize=768%2C576&amp;ssl=1 768w, https:\/\/i0.wp.com\/www.akram.pt\/web\/wp-content\/uploads\/2016\/10\/comitiva_1_lok_201617.jpg?resize=380%2C285&amp;ssl=1 380w, https:\/\/i0.wp.com\/www.akram.pt\/web\/wp-content\/uploads\/2016\/10\/comitiva_1_lok_201617.jpg?resize=285%2C214&amp;ssl=1 285w, https:\/\/i0.wp.com\/www.akram.pt\/web\/wp-content\/uploads\/2016\/10\/comitiva_1_lok_201617.jpg?w=960&amp;ssl=1 960w\" sizes=\"auto, (max-width: 300px) 100vw, 300px\" \/><\/a><\/p>\n<p>&nbsp;<\/p>\n","protected":false},"excerpt":{"rendered":"<p>Realiza-se hoje, 5 de outubro, a 1\u00aa Jornada da Liga Ol\u00edmpica de Karat\u00e9 &#8211; 2016\/17 no Complexo Desportivo de Alcabideche. A AKRAM est\u00e1 representada com 5 atletas: Henrique Ferreira, David Moreira e Ricardo Viveiros do CKC, e os atletas Jo\u00e3o Casimiro e Andr\u00e9 Pestana da ASKKSA. A acompanhar a comitiva, est\u00e3o os treinadores Liliana F\u00e9lix,<\/p>\n<p class=\"more-link\"><a href=\"https:\/\/www.akram.pt\/web\/2016\/10\/1a-jornada-da-liga-olimpica-de-karate-201617\/\" class=\"themebutton\">Read More<\/a><\/p>\n","protected":false},"author":2,"featured_media":472,"comment_status":"closed","ping_status":"open","sticky":false,"template":"","format":"standard","meta":{"_crdt_document":"","_jetpack_memberships_contains_paid_content":false,"footnotes":""},"categories":[4],"tags":[],"class_list":["post-471","post","type-post","status-publish","format-standard","has-post-thumbnail","hentry","category-noticias"],"jetpack_featured_media_url":"https:\/\/i0.wp.com\/www.akram.pt\/web\/wp-content\/uploads\/2016\/10\/cartaz_1_lok_201617.jpg?fit=790%2C1116&ssl=1","jetpack_sharing_enabled":true,"_links":{"self":[{"href":"https:\/\/www.akram.pt\/web\/wp-json\/wp\/v2\/posts\/471","targetHints":{"allow":["GET"]}}],"collection":[{"href":"https:\/\/www.akram.pt\/web\/wp-json\/wp\/v2\/posts"}],"about":[{"href":"https:\/\/www.akram.pt\/web\/wp-json\/wp\/v2\/types\/post"}],"author":[{"embeddable":true,"href":"https:\/\/www.akram.pt\/web\/wp-json\/wp\/v2\/users\/2"}],"replies":[{"embeddable":true,"href":"https:\/\/www.akram.pt\/web\/wp-json\/wp\/v2\/comments?post=471"}],"version-history":[{"count":0,"href":"https:\/\/www.akram.pt\/web\/wp-json\/wp\/v2\/posts\/471\/revisions"}],"wp:featuredmedia":[{"embeddable":true,"href":"https:\/\/www.akram.pt\/web\/wp-json\/wp\/v2\/media\/472"}],"wp:attachment":[{"href":"https:\/\/www.akram.pt\/web\/wp-json\/wp\/v2\/media?parent=471"}],"wp:term":[{"taxonomy":"category","embeddable":true,"href":"https:\/\/www.akram.pt\/web\/wp-json\/wp\/v2\/categories?post=471"},{"taxonomy":"post_tag","embeddable":true,"href":"https:\/\/www.akram.pt\/web\/wp-json\/wp\/v2\/tags?post=471"}],"curies":[{"name":"wp","href":"https:\/\/api.w.org\/{rel}","templated":true}]}}