{"id":490,"date":"2016-10-11T21:04:37","date_gmt":"2016-10-11T21:04:37","guid":{"rendered":"http:\/\/www.akram.pt\/web\/?p=490"},"modified":"2016-10-11T21:16:06","modified_gmt":"2016-10-11T21:16:06","slug":"demonstracao-de-karate-um-dia-pela-vida","status":"publish","type":"post","link":"https:\/\/www.akram.pt\/web\/2016\/10\/demonstracao-de-karate-um-dia-pela-vida\/","title":{"rendered":"Demonstra\u00e7\u00e3o de Karat\u00e9 &#8211; Um dia pela Vida"},"content":{"rendered":"<p>No passado fim-de-semana, dia 8 de outubro, realizou-se a Festa de Encerramento do projeto \u201cUm Dia Pela Vida\u201d, organizado pela Liga Portuguesa Contra o Cancro em parceria com a C\u00e2mara Municipal de S\u00e3o Vicente.<\/p>\n<p>A Associa\u00e7\u00e3o de Karat\u00e9 da Regi\u00e3o Aut\u00f3noma da Madeira foi convidada a integrar os festejos durante a festa de encerramento deste projeto atrav\u00e9s de uma demonstra\u00e7\u00e3o de karat\u00e9 que contou com a participa\u00e7\u00e3o do Clube Karat\u00e9 do Cani\u00e7o e da Associa\u00e7\u00e3o de Shotokan Karat\u00e9 Kokusai de Santo Ant\u00f3nio.<\/p>\n<p>A festa de encerramento do projeto \u201cUm Dia Pela Vida\u201d, realizou-se no Est\u00e1dio dos Juncos, Concelho de S\u00e3o Vicente pelas 20 horas e contou com a participa\u00e7\u00e3o de 20 karatecas numa demonstra\u00e7\u00e3o destinada a toda a comunidade.<\/p>\n<p><a href=\"https:\/\/i0.wp.com\/www.akram.pt\/web\/wp-content\/uploads\/2016\/10\/uma-dia-pela-vida-2016-askksa.jpg\" rel=\"lightbox[490]\"><img data-recalc-dims=\"1\" loading=\"lazy\" decoding=\"async\" data-attachment-id=\"500\" data-permalink=\"https:\/\/www.akram.pt\/web\/2016\/10\/demonstracao-de-karate-um-dia-pela-vida\/uma-dia-pela-vida-2016-askksa\/#main\" data-orig-file=\"https:\/\/i0.wp.com\/www.akram.pt\/web\/wp-content\/uploads\/2016\/10\/uma-dia-pela-vida-2016-askksa.jpg?fit=960%2C720&amp;ssl=1\" data-orig-size=\"960,720\" data-comments-opened=\"0\" data-image-meta=\"{&quot;aperture&quot;:&quot;0&quot;,&quot;credit&quot;:&quot;&quot;,&quot;camera&quot;:&quot;&quot;,&quot;caption&quot;:&quot;&quot;,&quot;created_timestamp&quot;:&quot;0&quot;,&quot;copyright&quot;:&quot;&quot;,&quot;focal_length&quot;:&quot;0&quot;,&quot;iso&quot;:&quot;0&quot;,&quot;shutter_speed&quot;:&quot;0&quot;,&quot;title&quot;:&quot;&quot;,&quot;orientation&quot;:&quot;0&quot;}\" data-image-title=\"uma-dia-pela-vida-2016-askksa\" data-image-description=\"\" data-image-caption=\"\" data-large-file=\"https:\/\/i0.wp.com\/www.akram.pt\/web\/wp-content\/uploads\/2016\/10\/uma-dia-pela-vida-2016-askksa.jpg?fit=960%2C720&amp;ssl=1\" class=\"alignnone size-medium wp-image-500\" src=\"https:\/\/i0.wp.com\/www.akram.pt\/web\/wp-content\/uploads\/2016\/10\/uma-dia-pela-vida-2016-askksa-300x225.jpg?resize=300%2C225\" alt=\"uma-dia-pela-vida-2016-askksa\" width=\"300\" height=\"225\" srcset=\"https:\/\/i0.wp.com\/www.akram.pt\/web\/wp-content\/uploads\/2016\/10\/uma-dia-pela-vida-2016-askksa.jpg?resize=300%2C225&amp;ssl=1 300w, https:\/\/i0.wp.com\/www.akram.pt\/web\/wp-content\/uploads\/2016\/10\/uma-dia-pela-vida-2016-askksa.jpg?resize=768%2C576&amp;ssl=1 768w, https:\/\/i0.wp.com\/www.akram.pt\/web\/wp-content\/uploads\/2016\/10\/uma-dia-pela-vida-2016-askksa.jpg?resize=380%2C285&amp;ssl=1 380w, https:\/\/i0.wp.com\/www.akram.pt\/web\/wp-content\/uploads\/2016\/10\/uma-dia-pela-vida-2016-askksa.jpg?resize=285%2C214&amp;ssl=1 285w, https:\/\/i0.wp.com\/www.akram.pt\/web\/wp-content\/uploads\/2016\/10\/uma-dia-pela-vida-2016-askksa.jpg?w=960&amp;ssl=1 960w\" sizes=\"auto, (max-width: 300px) 100vw, 300px\" \/><\/a> <a href=\"https:\/\/i0.wp.com\/www.akram.pt\/web\/wp-content\/uploads\/2016\/10\/uma-dia-pela-vida-2016-ckc.jpg\" rel=\"lightbox[490]\"><img data-recalc-dims=\"1\" loading=\"lazy\" decoding=\"async\" data-attachment-id=\"501\" data-permalink=\"https:\/\/www.akram.pt\/web\/2016\/10\/demonstracao-de-karate-um-dia-pela-vida\/uma-dia-pela-vida-2016-ckc\/#main\" data-orig-file=\"https:\/\/i0.wp.com\/www.akram.pt\/web\/wp-content\/uploads\/2016\/10\/uma-dia-pela-vida-2016-ckc.jpg?fit=3264%2C2448&amp;ssl=1\" data-orig-size=\"3264,2448\" data-comments-opened=\"0\" data-image-meta=\"{&quot;aperture&quot;:&quot;2.2&quot;,&quot;credit&quot;:&quot;&quot;,&quot;camera&quot;:&quot;iPhone 6&quot;,&quot;caption&quot;:&quot;&quot;,&quot;created_timestamp&quot;:&quot;1475956960&quot;,&quot;copyright&quot;:&quot;&quot;,&quot;focal_length&quot;:&quot;4.15&quot;,&quot;iso&quot;:&quot;800&quot;,&quot;shutter_speed&quot;:&quot;0.058823529411765&quot;,&quot;title&quot;:&quot;&quot;,&quot;orientation&quot;:&quot;1&quot;}\" data-image-title=\"uma-dia-pela-vida-2016-ckc\" data-image-description=\"\" data-image-caption=\"\" data-large-file=\"https:\/\/i0.wp.com\/www.akram.pt\/web\/wp-content\/uploads\/2016\/10\/uma-dia-pela-vida-2016-ckc.jpg?fit=1024%2C768&amp;ssl=1\" class=\"alignnone size-medium wp-image-501\" src=\"https:\/\/i0.wp.com\/www.akram.pt\/web\/wp-content\/uploads\/2016\/10\/uma-dia-pela-vida-2016-ckc-300x225.jpg?resize=300%2C225\" alt=\"uma-dia-pela-vida-2016-ckc\" width=\"300\" height=\"225\" srcset=\"https:\/\/i0.wp.com\/www.akram.pt\/web\/wp-content\/uploads\/2016\/10\/uma-dia-pela-vida-2016-ckc.jpg?resize=300%2C225&amp;ssl=1 300w, https:\/\/i0.wp.com\/www.akram.pt\/web\/wp-content\/uploads\/2016\/10\/uma-dia-pela-vida-2016-ckc.jpg?resize=768%2C576&amp;ssl=1 768w, https:\/\/i0.wp.com\/www.akram.pt\/web\/wp-content\/uploads\/2016\/10\/uma-dia-pela-vida-2016-ckc.jpg?resize=1024%2C768&amp;ssl=1 1024w, https:\/\/i0.wp.com\/www.akram.pt\/web\/wp-content\/uploads\/2016\/10\/uma-dia-pela-vida-2016-ckc.jpg?resize=380%2C285&amp;ssl=1 380w, https:\/\/i0.wp.com\/www.akram.pt\/web\/wp-content\/uploads\/2016\/10\/uma-dia-pela-vida-2016-ckc.jpg?resize=285%2C214&amp;ssl=1 285w, https:\/\/i0.wp.com\/www.akram.pt\/web\/wp-content\/uploads\/2016\/10\/uma-dia-pela-vida-2016-ckc.jpg?w=2340&amp;ssl=1 2340w\" sizes=\"auto, (max-width: 300px) 100vw, 300px\" \/><\/a><\/p>\n","protected":false},"excerpt":{"rendered":"<p>No passado fim-de-semana, dia 8 de outubro, realizou-se a Festa de Encerramento do projeto \u201cUm Dia Pela Vida\u201d, organizado pela Liga Portuguesa Contra o Cancro em parceria com a C\u00e2mara Municipal de S\u00e3o Vicente. A Associa\u00e7\u00e3o de Karat\u00e9 da Regi\u00e3o Aut\u00f3noma da Madeira foi convidada a integrar os festejos durante a festa de encerramento deste<\/p>\n<p class=\"more-link\"><a href=\"https:\/\/www.akram.pt\/web\/2016\/10\/demonstracao-de-karate-um-dia-pela-vida\/\" class=\"themebutton\">Read More<\/a><\/p>\n","protected":false},"author":2,"featured_media":492,"comment_status":"closed","ping_status":"open","sticky":false,"template":"","format":"standard","meta":{"_crdt_document":"","_jetpack_memberships_contains_paid_content":false,"footnotes":""},"categories":[4],"tags":[],"class_list":["post-490","post","type-post","status-publish","format-standard","has-post-thumbnail","hentry","category-noticias"],"jetpack_featured_media_url":"https:\/\/i0.wp.com\/www.akram.pt\/web\/wp-content\/uploads\/2016\/10\/demonstracao_um_dia_vida_201610.jpg?fit=960%2C720&ssl=1","jetpack_sharing_enabled":true,"_links":{"self":[{"href":"https:\/\/www.akram.pt\/web\/wp-json\/wp\/v2\/posts\/490","targetHints":{"allow":["GET"]}}],"collection":[{"href":"https:\/\/www.akram.pt\/web\/wp-json\/wp\/v2\/posts"}],"about":[{"href":"https:\/\/www.akram.pt\/web\/wp-json\/wp\/v2\/types\/post"}],"author":[{"embeddable":true,"href":"https:\/\/www.akram.pt\/web\/wp-json\/wp\/v2\/users\/2"}],"replies":[{"embeddable":true,"href":"https:\/\/www.akram.pt\/web\/wp-json\/wp\/v2\/comments?post=490"}],"version-history":[{"count":0,"href":"https:\/\/www.akram.pt\/web\/wp-json\/wp\/v2\/posts\/490\/revisions"}],"wp:featuredmedia":[{"embeddable":true,"href":"https:\/\/www.akram.pt\/web\/wp-json\/wp\/v2\/media\/492"}],"wp:attachment":[{"href":"https:\/\/www.akram.pt\/web\/wp-json\/wp\/v2\/media?parent=490"}],"wp:term":[{"taxonomy":"category","embeddable":true,"href":"https:\/\/www.akram.pt\/web\/wp-json\/wp\/v2\/categories?post=490"},{"taxonomy":"post_tag","embeddable":true,"href":"https:\/\/www.akram.pt\/web\/wp-json\/wp\/v2\/tags?post=490"}],"curies":[{"name":"wp","href":"https:\/\/api.w.org\/{rel}","templated":true}]}}