{"id":510,"date":"2016-10-11T22:09:56","date_gmt":"2016-10-11T22:09:56","guid":{"rendered":"http:\/\/www.akram.pt\/web\/?p=510"},"modified":"2016-10-11T22:14:35","modified_gmt":"2016-10-11T22:14:35","slug":"1a-liga-olimpica-de-karate-resultados","status":"publish","type":"post","link":"https:\/\/www.akram.pt\/web\/2016\/10\/1a-liga-olimpica-de-karate-resultados\/","title":{"rendered":"1\u00aa Liga Ol\u00edmpica de Karat\u00e9 &#8211; Resultados"},"content":{"rendered":"<p>No passado dia 5 de Outubro realizou-se em Alcabideche a primeira liga ol\u00edmpica de karat\u00e9.<\/p>\n<p>O Clube Karat\u00e9 do Cani\u00e7o e a Associa\u00e7\u00e3o Shotokan Kokusai Karate Santo Ant\u00f3nio em representa\u00e7\u00e3o da Associa\u00e7\u00e3o de Karat\u00e9 da Regi\u00e3o Aut\u00f3noma da Madeira participaram nas vertentes de kata e kumite contando com a presen\u00e7a de 5 praticantes.<\/p>\n<p>A competi\u00e7\u00e3o teve in\u00edcio com a vertente de kata na qual participaram os atletas Henrique Ferreira do CKC e Jo\u00e3o Casimiro da ASKKSA no escal\u00e3o j\u00fanior e o atleta Andr\u00e9 Pestana da ASKKSA no escal\u00e3o de cadetes. Nos juniores os competidores arrecadaram o 5\u00ba e 6\u00ba lugar, e o cadete alcan\u00e7ou o segundo lugar.<\/p>\n<p>Na vertente de kumite os atletas em prova do CKC Ricardo Viveiros e David Moreira revelaram um n\u00edvel competitivo adaptado \u00e0s exig\u00eancias desta prova arrecadando algumas vit\u00f3rias, que no caso do atleta j\u00fanior Ricardo Viveiros lhe valeram o terceiro lugar.<\/p>\n<p>Esta prova, essencialmente permitiu avaliar o comportamento t\u00e9cnico-t\u00e1ctico dos competidores para posteriormente ajustar a sua prepara\u00e7\u00e3o para os campeonatos nacionais que adv\u00eam.<\/p>\n<p><a href=\"https:\/\/i0.wp.com\/www.akram.pt\/web\/wp-content\/uploads\/2016\/10\/1_lok_201617_casimiro.jpg\" rel=\"lightbox[510]\"><img data-recalc-dims=\"1\" loading=\"lazy\" decoding=\"async\" data-attachment-id=\"511\" data-permalink=\"https:\/\/www.akram.pt\/web\/2016\/10\/1a-liga-olimpica-de-karate-resultados\/1_lok_201617_casimiro\/#main\" data-orig-file=\"https:\/\/i0.wp.com\/www.akram.pt\/web\/wp-content\/uploads\/2016\/10\/1_lok_201617_casimiro.jpg?fit=1536%2C2048&amp;ssl=1\" data-orig-size=\"1536,2048\" data-comments-opened=\"0\" data-image-meta=\"{&quot;aperture&quot;:&quot;0&quot;,&quot;credit&quot;:&quot;&quot;,&quot;camera&quot;:&quot;&quot;,&quot;caption&quot;:&quot;&quot;,&quot;created_timestamp&quot;:&quot;0&quot;,&quot;copyright&quot;:&quot;&quot;,&quot;focal_length&quot;:&quot;0&quot;,&quot;iso&quot;:&quot;0&quot;,&quot;shutter_speed&quot;:&quot;0&quot;,&quot;title&quot;:&quot;&quot;,&quot;orientation&quot;:&quot;0&quot;}\" data-image-title=\"1_lok_201617_casimiro\" data-image-description=\"\" data-image-caption=\"\" data-large-file=\"https:\/\/i0.wp.com\/www.akram.pt\/web\/wp-content\/uploads\/2016\/10\/1_lok_201617_casimiro.jpg?fit=768%2C1024&amp;ssl=1\" class=\"size-medium wp-image-511 alignleft\" src=\"https:\/\/i0.wp.com\/www.akram.pt\/web\/wp-content\/uploads\/2016\/10\/1_lok_201617_casimiro-225x300.jpg?resize=225%2C300\" alt=\"1_lok_201617_casimiro\" width=\"225\" height=\"300\" srcset=\"https:\/\/i0.wp.com\/www.akram.pt\/web\/wp-content\/uploads\/2016\/10\/1_lok_201617_casimiro.jpg?resize=225%2C300&amp;ssl=1 225w, https:\/\/i0.wp.com\/www.akram.pt\/web\/wp-content\/uploads\/2016\/10\/1_lok_201617_casimiro.jpg?resize=768%2C1024&amp;ssl=1 768w, https:\/\/i0.wp.com\/www.akram.pt\/web\/wp-content\/uploads\/2016\/10\/1_lok_201617_casimiro.jpg?w=1536&amp;ssl=1 1536w\" sizes=\"auto, (max-width: 225px) 100vw, 225px\" \/><\/a> <a href=\"https:\/\/i0.wp.com\/www.akram.pt\/web\/wp-content\/uploads\/2016\/10\/1_lok_201617_andre_pestana.jpg\" rel=\"lightbox[510]\"><img data-recalc-dims=\"1\" loading=\"lazy\" decoding=\"async\" data-attachment-id=\"512\" data-permalink=\"https:\/\/www.akram.pt\/web\/2016\/10\/1a-liga-olimpica-de-karate-resultados\/1_lok_201617_andre_pestana\/#main\" data-orig-file=\"https:\/\/i0.wp.com\/www.akram.pt\/web\/wp-content\/uploads\/2016\/10\/1_lok_201617_andre_pestana.jpg?fit=1536%2C2048&amp;ssl=1\" data-orig-size=\"1536,2048\" data-comments-opened=\"0\" data-image-meta=\"{&quot;aperture&quot;:&quot;0&quot;,&quot;credit&quot;:&quot;&quot;,&quot;camera&quot;:&quot;&quot;,&quot;caption&quot;:&quot;&quot;,&quot;created_timestamp&quot;:&quot;0&quot;,&quot;copyright&quot;:&quot;&quot;,&quot;focal_length&quot;:&quot;0&quot;,&quot;iso&quot;:&quot;0&quot;,&quot;shutter_speed&quot;:&quot;0&quot;,&quot;title&quot;:&quot;&quot;,&quot;orientation&quot;:&quot;0&quot;}\" data-image-title=\"1_lok_201617_andre_pestana\" data-image-description=\"\" data-image-caption=\"\" data-large-file=\"https:\/\/i0.wp.com\/www.akram.pt\/web\/wp-content\/uploads\/2016\/10\/1_lok_201617_andre_pestana.jpg?fit=768%2C1024&amp;ssl=1\" class=\"size-medium wp-image-512 alignleft\" src=\"https:\/\/i0.wp.com\/www.akram.pt\/web\/wp-content\/uploads\/2016\/10\/1_lok_201617_andre_pestana-225x300.jpg?resize=225%2C300\" alt=\"1_lok_201617_andre_pestana\" width=\"225\" height=\"300\" srcset=\"https:\/\/i0.wp.com\/www.akram.pt\/web\/wp-content\/uploads\/2016\/10\/1_lok_201617_andre_pestana.jpg?resize=225%2C300&amp;ssl=1 225w, https:\/\/i0.wp.com\/www.akram.pt\/web\/wp-content\/uploads\/2016\/10\/1_lok_201617_andre_pestana.jpg?resize=768%2C1024&amp;ssl=1 768w, https:\/\/i0.wp.com\/www.akram.pt\/web\/wp-content\/uploads\/2016\/10\/1_lok_201617_andre_pestana.jpg?w=1536&amp;ssl=1 1536w\" sizes=\"auto, (max-width: 225px) 100vw, 225px\" \/><\/a>\u00a0\u00a0<\/p>\n<p>&nbsp;<\/p>\n<p>&nbsp;<\/p>\n<p>&nbsp;<\/p>\n<p>&nbsp;<\/p>\n<p>&nbsp;<\/p>\n<p>&nbsp;<\/p>\n<p>&nbsp;<\/p>\n","protected":false},"excerpt":{"rendered":"<p>No passado dia 5 de Outubro realizou-se em Alcabideche a primeira liga ol\u00edmpica de karat\u00e9. O Clube Karat\u00e9 do Cani\u00e7o e a Associa\u00e7\u00e3o Shotokan Kokusai Karate Santo Ant\u00f3nio em representa\u00e7\u00e3o da Associa\u00e7\u00e3o de Karat\u00e9 da Regi\u00e3o Aut\u00f3noma da Madeira participaram nas vertentes de kata e kumite contando com a presen\u00e7a de 5 praticantes. A competi\u00e7\u00e3o<\/p>\n<p class=\"more-link\"><a href=\"https:\/\/www.akram.pt\/web\/2016\/10\/1a-liga-olimpica-de-karate-resultados\/\" class=\"themebutton\">Read More<\/a><\/p>\n","protected":false},"author":2,"featured_media":472,"comment_status":"closed","ping_status":"open","sticky":false,"template":"","format":"standard","meta":{"_crdt_document":"","_jetpack_memberships_contains_paid_content":false,"footnotes":""},"categories":[4,5],"tags":[],"class_list":["post-510","post","type-post","status-publish","format-standard","has-post-thumbnail","hentry","category-noticias","category-resultados"],"jetpack_featured_media_url":"https:\/\/i0.wp.com\/www.akram.pt\/web\/wp-content\/uploads\/2016\/10\/cartaz_1_lok_201617.jpg?fit=790%2C1116&ssl=1","jetpack_sharing_enabled":true,"_links":{"self":[{"href":"https:\/\/www.akram.pt\/web\/wp-json\/wp\/v2\/posts\/510","targetHints":{"allow":["GET"]}}],"collection":[{"href":"https:\/\/www.akram.pt\/web\/wp-json\/wp\/v2\/posts"}],"about":[{"href":"https:\/\/www.akram.pt\/web\/wp-json\/wp\/v2\/types\/post"}],"author":[{"embeddable":true,"href":"https:\/\/www.akram.pt\/web\/wp-json\/wp\/v2\/users\/2"}],"replies":[{"embeddable":true,"href":"https:\/\/www.akram.pt\/web\/wp-json\/wp\/v2\/comments?post=510"}],"version-history":[{"count":0,"href":"https:\/\/www.akram.pt\/web\/wp-json\/wp\/v2\/posts\/510\/revisions"}],"wp:featuredmedia":[{"embeddable":true,"href":"https:\/\/www.akram.pt\/web\/wp-json\/wp\/v2\/media\/472"}],"wp:attachment":[{"href":"https:\/\/www.akram.pt\/web\/wp-json\/wp\/v2\/media?parent=510"}],"wp:term":[{"taxonomy":"category","embeddable":true,"href":"https:\/\/www.akram.pt\/web\/wp-json\/wp\/v2\/categories?post=510"},{"taxonomy":"post_tag","embeddable":true,"href":"https:\/\/www.akram.pt\/web\/wp-json\/wp\/v2\/tags?post=510"}],"curies":[{"name":"wp","href":"https:\/\/api.w.org\/{rel}","templated":true}]}}