{"id":533,"date":"2016-10-22T10:52:02","date_gmt":"2016-10-22T10:52:02","guid":{"rendered":"http:\/\/www.akram.pt\/web\/?p=533"},"modified":"2016-10-22T10:52:02","modified_gmt":"2016-10-22T10:52:02","slug":"2a-liga-olimpica-de-karate-201617","status":"publish","type":"post","link":"https:\/\/www.akram.pt\/web\/2016\/10\/2a-liga-olimpica-de-karate-201617\/","title":{"rendered":"2\u00aa Liga Ol\u00edmpica de Karat\u00e9 2016\/17"},"content":{"rendered":"<p>Realiza-se hoje, 22\u00a0de outubro, a 2\u00aa Jornada da Liga Ol\u00edmpica de Karat\u00e9 \u2013 2016\/17 no Pavilh\u00e3o Gimnodesportivo Bernardino Coutinho (Marco de Canavezes).<\/p>\n<p>A AKRAM est\u00e1 representada com 5 atletas: Henrique Ferreira, David Moreira e Ricardo Viveiros do CKC, e os atletas Jo\u00e3o Casimiro e Andr\u00e9 Pestana da ASKKSA.<\/p>\n<p>A acompanhar a comitiva, est\u00e3o os treinadores Liliana F\u00e9lix e Eduardo Martins.<\/p>\n<p>A AKRAM deseja boa prova a todos os atletas!<\/p>\n<p><a href=\"https:\/\/i0.wp.com\/www.akram.pt\/web\/wp-content\/uploads\/2016\/10\/2_liga_olimpica_karate_201617.jpg\" rel=\"lightbox[533]\"><img data-recalc-dims=\"1\" loading=\"lazy\" decoding=\"async\" data-attachment-id=\"534\" data-permalink=\"https:\/\/www.akram.pt\/web\/2016\/10\/2a-liga-olimpica-de-karate-201617\/2_liga_olimpica_karate_201617\/#main\" data-orig-file=\"https:\/\/i0.wp.com\/www.akram.pt\/web\/wp-content\/uploads\/2016\/10\/2_liga_olimpica_karate_201617.jpg?fit=1443%2C2048&amp;ssl=1\" data-orig-size=\"1443,2048\" data-comments-opened=\"0\" data-image-meta=\"{&quot;aperture&quot;:&quot;0&quot;,&quot;credit&quot;:&quot;Don Freixinho&quot;,&quot;camera&quot;:&quot;&quot;,&quot;caption&quot;:&quot;&quot;,&quot;created_timestamp&quot;:&quot;0&quot;,&quot;copyright&quot;:&quot;&quot;,&quot;focal_length&quot;:&quot;0&quot;,&quot;iso&quot;:&quot;0&quot;,&quot;shutter_speed&quot;:&quot;0&quot;,&quot;title&quot;:&quot;&quot;,&quot;orientation&quot;:&quot;0&quot;}\" data-image-title=\"2_liga_olimpica_karate_201617\" data-image-description=\"\" data-image-caption=\"\" data-large-file=\"https:\/\/i0.wp.com\/www.akram.pt\/web\/wp-content\/uploads\/2016\/10\/2_liga_olimpica_karate_201617.jpg?fit=722%2C1024&amp;ssl=1\" class=\"size-medium wp-image-534 aligncenter\" src=\"https:\/\/i0.wp.com\/www.akram.pt\/web\/wp-content\/uploads\/2016\/10\/2_liga_olimpica_karate_201617-211x300.jpg?resize=211%2C300\" alt=\"2_liga_olimpica_karate_201617\" width=\"211\" height=\"300\" srcset=\"https:\/\/i0.wp.com\/www.akram.pt\/web\/wp-content\/uploads\/2016\/10\/2_liga_olimpica_karate_201617.jpg?resize=211%2C300&amp;ssl=1 211w, https:\/\/i0.wp.com\/www.akram.pt\/web\/wp-content\/uploads\/2016\/10\/2_liga_olimpica_karate_201617.jpg?resize=768%2C1090&amp;ssl=1 768w, https:\/\/i0.wp.com\/www.akram.pt\/web\/wp-content\/uploads\/2016\/10\/2_liga_olimpica_karate_201617.jpg?resize=722%2C1024&amp;ssl=1 722w, https:\/\/i0.wp.com\/www.akram.pt\/web\/wp-content\/uploads\/2016\/10\/2_liga_olimpica_karate_201617.jpg?w=1443&amp;ssl=1 1443w\" sizes=\"auto, (max-width: 211px) 100vw, 211px\" \/><\/a><\/p>\n","protected":false},"excerpt":{"rendered":"<p>Realiza-se hoje, 22\u00a0de outubro, a 2\u00aa Jornada da Liga Ol\u00edmpica de Karat\u00e9 \u2013 2016\/17 no Pavilh\u00e3o Gimnodesportivo Bernardino Coutinho (Marco de Canavezes). A AKRAM est\u00e1 representada com 5 atletas: Henrique Ferreira, David Moreira e Ricardo Viveiros do CKC, e os atletas Jo\u00e3o Casimiro e Andr\u00e9 Pestana da ASKKSA. A acompanhar a comitiva, est\u00e3o os treinadores<\/p>\n<p class=\"more-link\"><a href=\"https:\/\/www.akram.pt\/web\/2016\/10\/2a-liga-olimpica-de-karate-201617\/\" class=\"themebutton\">Read More<\/a><\/p>\n","protected":false},"author":2,"featured_media":534,"comment_status":"closed","ping_status":"open","sticky":false,"template":"","format":"standard","meta":{"_crdt_document":"","_jetpack_memberships_contains_paid_content":false,"footnotes":""},"categories":[4],"tags":[],"class_list":["post-533","post","type-post","status-publish","format-standard","has-post-thumbnail","hentry","category-noticias"],"jetpack_featured_media_url":"https:\/\/i0.wp.com\/www.akram.pt\/web\/wp-content\/uploads\/2016\/10\/2_liga_olimpica_karate_201617.jpg?fit=1443%2C2048&ssl=1","jetpack_sharing_enabled":true,"_links":{"self":[{"href":"https:\/\/www.akram.pt\/web\/wp-json\/wp\/v2\/posts\/533","targetHints":{"allow":["GET"]}}],"collection":[{"href":"https:\/\/www.akram.pt\/web\/wp-json\/wp\/v2\/posts"}],"about":[{"href":"https:\/\/www.akram.pt\/web\/wp-json\/wp\/v2\/types\/post"}],"author":[{"embeddable":true,"href":"https:\/\/www.akram.pt\/web\/wp-json\/wp\/v2\/users\/2"}],"replies":[{"embeddable":true,"href":"https:\/\/www.akram.pt\/web\/wp-json\/wp\/v2\/comments?post=533"}],"version-history":[{"count":0,"href":"https:\/\/www.akram.pt\/web\/wp-json\/wp\/v2\/posts\/533\/revisions"}],"wp:featuredmedia":[{"embeddable":true,"href":"https:\/\/www.akram.pt\/web\/wp-json\/wp\/v2\/media\/534"}],"wp:attachment":[{"href":"https:\/\/www.akram.pt\/web\/wp-json\/wp\/v2\/media?parent=533"}],"wp:term":[{"taxonomy":"category","embeddable":true,"href":"https:\/\/www.akram.pt\/web\/wp-json\/wp\/v2\/categories?post=533"},{"taxonomy":"post_tag","embeddable":true,"href":"https:\/\/www.akram.pt\/web\/wp-json\/wp\/v2\/tags?post=533"}],"curies":[{"name":"wp","href":"https:\/\/api.w.org\/{rel}","templated":true}]}}