{"id":536,"date":"2016-10-22T10:56:05","date_gmt":"2016-10-22T10:56:05","guid":{"rendered":"http:\/\/www.akram.pt\/web\/?p=536"},"modified":"2016-10-22T10:56:05","modified_gmt":"2016-10-22T10:56:05","slug":"v-torneio-das-vindimas","status":"publish","type":"post","link":"https:\/\/www.akram.pt\/web\/2016\/10\/v-torneio-das-vindimas\/","title":{"rendered":"V Torneio das Vindimas"},"content":{"rendered":"<p>Realiza-se amanh\u00e3, 25 de outubro, o V Torneio das Vindimas\u00a0no Pavilh\u00e3o Gimnodesportivo Bernardino Coutinho (Marco de Canavezes).<\/p>\n<p>A AKRAM est\u00e1 representada com 7\u00a0atletas: Henrique Ferreira, David Moreira, Mateus Abreu, Mat\u00e9 Szepsi e Ricardo Viveiros do CKC, e os atletas Jo\u00e3o Casimiro e Andr\u00e9 Pestana da ASKKSA.<\/p>\n<p>A acompanhar a comitiva, est\u00e3o os treinadores Liliana F\u00e9lix e Eduardo Martins.<\/p>\n<p>A AKRAM deseja boa prova a todos os atletas!<\/p>\n<p><a href=\"https:\/\/i0.wp.com\/www.akram.pt\/web\/wp-content\/uploads\/2016\/10\/v_torneio_das_vindimas_2016.jpg\" rel=\"lightbox[536]\"><img data-recalc-dims=\"1\" loading=\"lazy\" decoding=\"async\" data-attachment-id=\"537\" data-permalink=\"https:\/\/www.akram.pt\/web\/2016\/10\/v-torneio-das-vindimas\/v_torneio_das_vindimas_2016\/#main\" data-orig-file=\"https:\/\/i0.wp.com\/www.akram.pt\/web\/wp-content\/uploads\/2016\/10\/v_torneio_das_vindimas_2016.jpg?fit=1370%2C2007&amp;ssl=1\" data-orig-size=\"1370,2007\" data-comments-opened=\"0\" data-image-meta=\"{&quot;aperture&quot;:&quot;0&quot;,&quot;credit&quot;:&quot;Carlos&quot;,&quot;camera&quot;:&quot;&quot;,&quot;caption&quot;:&quot;&quot;,&quot;created_timestamp&quot;:&quot;1476287002&quot;,&quot;copyright&quot;:&quot;&quot;,&quot;focal_length&quot;:&quot;0&quot;,&quot;iso&quot;:&quot;0&quot;,&quot;shutter_speed&quot;:&quot;0&quot;,&quot;title&quot;:&quot;&quot;,&quot;orientation&quot;:&quot;0&quot;}\" data-image-title=\"v_torneio_das_vindimas_2016\" data-image-description=\"\" data-image-caption=\"\" data-large-file=\"https:\/\/i0.wp.com\/www.akram.pt\/web\/wp-content\/uploads\/2016\/10\/v_torneio_das_vindimas_2016.jpg?fit=699%2C1024&amp;ssl=1\" class=\"aligncenter size-medium wp-image-537\" src=\"https:\/\/i0.wp.com\/www.akram.pt\/web\/wp-content\/uploads\/2016\/10\/v_torneio_das_vindimas_2016-205x300.jpg?resize=205%2C300\" alt=\"v_torneio_das_vindimas_2016\" width=\"205\" height=\"300\" srcset=\"https:\/\/i0.wp.com\/www.akram.pt\/web\/wp-content\/uploads\/2016\/10\/v_torneio_das_vindimas_2016.jpg?resize=205%2C300&amp;ssl=1 205w, https:\/\/i0.wp.com\/www.akram.pt\/web\/wp-content\/uploads\/2016\/10\/v_torneio_das_vindimas_2016.jpg?resize=768%2C1125&amp;ssl=1 768w, https:\/\/i0.wp.com\/www.akram.pt\/web\/wp-content\/uploads\/2016\/10\/v_torneio_das_vindimas_2016.jpg?resize=699%2C1024&amp;ssl=1 699w, https:\/\/i0.wp.com\/www.akram.pt\/web\/wp-content\/uploads\/2016\/10\/v_torneio_das_vindimas_2016.jpg?w=1370&amp;ssl=1 1370w\" sizes=\"auto, (max-width: 205px) 100vw, 205px\" \/><\/a><\/p>\n","protected":false},"excerpt":{"rendered":"<p>Realiza-se amanh\u00e3, 25 de outubro, o V Torneio das Vindimas\u00a0no Pavilh\u00e3o Gimnodesportivo Bernardino Coutinho (Marco de Canavezes). A AKRAM est\u00e1 representada com 7\u00a0atletas: Henrique Ferreira, David Moreira, Mateus Abreu, Mat\u00e9 Szepsi e Ricardo Viveiros do CKC, e os atletas Jo\u00e3o Casimiro e Andr\u00e9 Pestana da ASKKSA. A acompanhar a comitiva, est\u00e3o os treinadores Liliana F\u00e9lix<\/p>\n<p class=\"more-link\"><a href=\"https:\/\/www.akram.pt\/web\/2016\/10\/v-torneio-das-vindimas\/\" class=\"themebutton\">Read More<\/a><\/p>\n","protected":false},"author":2,"featured_media":537,"comment_status":"closed","ping_status":"open","sticky":false,"template":"","format":"standard","meta":{"_crdt_document":"","_jetpack_memberships_contains_paid_content":false,"footnotes":""},"categories":[4],"tags":[],"class_list":["post-536","post","type-post","status-publish","format-standard","has-post-thumbnail","hentry","category-noticias"],"jetpack_featured_media_url":"https:\/\/i0.wp.com\/www.akram.pt\/web\/wp-content\/uploads\/2016\/10\/v_torneio_das_vindimas_2016.jpg?fit=1370%2C2007&ssl=1","jetpack_sharing_enabled":true,"_links":{"self":[{"href":"https:\/\/www.akram.pt\/web\/wp-json\/wp\/v2\/posts\/536","targetHints":{"allow":["GET"]}}],"collection":[{"href":"https:\/\/www.akram.pt\/web\/wp-json\/wp\/v2\/posts"}],"about":[{"href":"https:\/\/www.akram.pt\/web\/wp-json\/wp\/v2\/types\/post"}],"author":[{"embeddable":true,"href":"https:\/\/www.akram.pt\/web\/wp-json\/wp\/v2\/users\/2"}],"replies":[{"embeddable":true,"href":"https:\/\/www.akram.pt\/web\/wp-json\/wp\/v2\/comments?post=536"}],"version-history":[{"count":0,"href":"https:\/\/www.akram.pt\/web\/wp-json\/wp\/v2\/posts\/536\/revisions"}],"wp:featuredmedia":[{"embeddable":true,"href":"https:\/\/www.akram.pt\/web\/wp-json\/wp\/v2\/media\/537"}],"wp:attachment":[{"href":"https:\/\/www.akram.pt\/web\/wp-json\/wp\/v2\/media?parent=536"}],"wp:term":[{"taxonomy":"category","embeddable":true,"href":"https:\/\/www.akram.pt\/web\/wp-json\/wp\/v2\/categories?post=536"},{"taxonomy":"post_tag","embeddable":true,"href":"https:\/\/www.akram.pt\/web\/wp-json\/wp\/v2\/tags?post=536"}],"curies":[{"name":"wp","href":"https:\/\/api.w.org\/{rel}","templated":true}]}}