{"id":539,"date":"2016-10-24T21:43:53","date_gmt":"2016-10-24T21:43:53","guid":{"rendered":"http:\/\/www.akram.pt\/web\/?p=539"},"modified":"2016-10-24T21:47:56","modified_gmt":"2016-10-24T21:47:56","slug":"2a-liga-olimpica-de-karate-201617-2","status":"publish","type":"post","link":"https:\/\/www.akram.pt\/web\/2016\/10\/2a-liga-olimpica-de-karate-201617-2\/","title":{"rendered":"2\u00aa Liga Ol\u00edmpica de Karat\u00e9 &#8211; 2016\/17"},"content":{"rendered":"<p>No passado fim-de-semana, dia 22 decorreu a segunda Liga Ol\u00edmpica de Karat\u00e9 em Marco de Canaveses, onde estiveram presentes atletas do Clube Karat\u00e9 Cani\u00e7o e da Associa\u00e7\u00e3o Shotokan Kokusai Karat\u00e9 Santo Ant\u00f3nio.<\/p>\n<p>Na vertente kata, o karateca da ASKKSA Andr\u00e9 Pestana no escal\u00e3o de cadetes alcan\u00e7ou o 3\u00ba lugar. Nos juniores, o atleta do CKC Henrique Ferreira e Jo\u00e3o Casimiro da ASKKSA apesar de revelarem uma excelente forma f\u00edsica e t\u00e9cnica n\u00e3o conseguiram alcan\u00e7ar o p\u00f3dio.<\/p>\n<p>Na vertente kumite, o segundo lugar do p\u00f3dio foi conquistado pelo atleta do CKC Ricardo Viveiros no escal\u00e3o de J\u00faniores + 71kg.<\/p>\n<p>O atleta David Moreira devido a uma les\u00e3o na primeira eliminat\u00f3ria teve que abandonar a prova.<\/p>\n<p align=\"center\"><a href=\"https:\/\/i0.wp.com\/www.akram.pt\/web\/wp-content\/uploads\/2016\/10\/2_lok_201617_comitiva.jpg\" rel=\"lightbox[539]\"><img data-recalc-dims=\"1\" loading=\"lazy\" decoding=\"async\" data-attachment-id=\"540\" data-permalink=\"https:\/\/www.akram.pt\/web\/2016\/10\/2a-liga-olimpica-de-karate-201617-2\/2_lok_201617_comitiva\/#main\" data-orig-file=\"https:\/\/i0.wp.com\/www.akram.pt\/web\/wp-content\/uploads\/2016\/10\/2_lok_201617_comitiva.jpg?fit=1920%2C1440&amp;ssl=1\" data-orig-size=\"1920,1440\" data-comments-opened=\"0\" data-image-meta=\"{&quot;aperture&quot;:&quot;0&quot;,&quot;credit&quot;:&quot;&quot;,&quot;camera&quot;:&quot;&quot;,&quot;caption&quot;:&quot;&quot;,&quot;created_timestamp&quot;:&quot;0&quot;,&quot;copyright&quot;:&quot;&quot;,&quot;focal_length&quot;:&quot;0&quot;,&quot;iso&quot;:&quot;0&quot;,&quot;shutter_speed&quot;:&quot;0&quot;,&quot;title&quot;:&quot;&quot;,&quot;orientation&quot;:&quot;0&quot;}\" data-image-title=\"2_lok_201617_comitiva\" data-image-description=\"\" data-image-caption=\"\" data-large-file=\"https:\/\/i0.wp.com\/www.akram.pt\/web\/wp-content\/uploads\/2016\/10\/2_lok_201617_comitiva.jpg?fit=1024%2C768&amp;ssl=1\" class=\"size-medium wp-image-540\" src=\"https:\/\/i0.wp.com\/www.akram.pt\/web\/wp-content\/uploads\/2016\/10\/2_lok_201617_comitiva-300x225.jpg?resize=300%2C225\" alt=\"2_lok_201617_comitiva\" width=\"300\" height=\"225\" srcset=\"https:\/\/i0.wp.com\/www.akram.pt\/web\/wp-content\/uploads\/2016\/10\/2_lok_201617_comitiva.jpg?resize=300%2C225&amp;ssl=1 300w, https:\/\/i0.wp.com\/www.akram.pt\/web\/wp-content\/uploads\/2016\/10\/2_lok_201617_comitiva.jpg?resize=768%2C576&amp;ssl=1 768w, https:\/\/i0.wp.com\/www.akram.pt\/web\/wp-content\/uploads\/2016\/10\/2_lok_201617_comitiva.jpg?resize=1024%2C768&amp;ssl=1 1024w, https:\/\/i0.wp.com\/www.akram.pt\/web\/wp-content\/uploads\/2016\/10\/2_lok_201617_comitiva.jpg?resize=380%2C285&amp;ssl=1 380w, https:\/\/i0.wp.com\/www.akram.pt\/web\/wp-content\/uploads\/2016\/10\/2_lok_201617_comitiva.jpg?resize=285%2C214&amp;ssl=1 285w, https:\/\/i0.wp.com\/www.akram.pt\/web\/wp-content\/uploads\/2016\/10\/2_lok_201617_comitiva.jpg?w=1920&amp;ssl=1 1920w\" sizes=\"auto, (max-width: 300px) 100vw, 300px\" \/><\/a>\u00a0<a href=\"https:\/\/i0.wp.com\/www.akram.pt\/web\/wp-content\/uploads\/2016\/10\/2_lok_201617_andre_pestana.jpg\" rel=\"lightbox[539]\"><img data-recalc-dims=\"1\" loading=\"lazy\" decoding=\"async\" class=\"size-medium wp-image-541\" src=\"https:\/\/i0.wp.com\/www.akram.pt\/web\/wp-content\/uploads\/2016\/10\/2_lok_201617_andre_pestana-225x300.jpg?resize=225%2C300\" alt=\"2_lok_201617_andre_pestana\" width=\"225\" height=\"300\" \/><\/a><\/p>\n","protected":false},"excerpt":{"rendered":"<p>No passado fim-de-semana, dia 22 decorreu a segunda Liga Ol\u00edmpica de Karat\u00e9 em Marco de Canaveses, onde estiveram presentes atletas do Clube Karat\u00e9 Cani\u00e7o e da Associa\u00e7\u00e3o Shotokan Kokusai Karat\u00e9 Santo Ant\u00f3nio. Na vertente kata, o karateca da ASKKSA Andr\u00e9 Pestana no escal\u00e3o de cadetes alcan\u00e7ou o 3\u00ba lugar. Nos juniores, o atleta do CKC<\/p>\n<p class=\"more-link\"><a href=\"https:\/\/www.akram.pt\/web\/2016\/10\/2a-liga-olimpica-de-karate-201617-2\/\" class=\"themebutton\">Read More<\/a><\/p>\n","protected":false},"author":2,"featured_media":540,"comment_status":"closed","ping_status":"open","sticky":false,"template":"","format":"standard","meta":{"_crdt_document":"","_jetpack_memberships_contains_paid_content":false,"footnotes":""},"categories":[4,5],"tags":[],"class_list":["post-539","post","type-post","status-publish","format-standard","has-post-thumbnail","hentry","category-noticias","category-resultados"],"jetpack_featured_media_url":"https:\/\/i0.wp.com\/www.akram.pt\/web\/wp-content\/uploads\/2016\/10\/2_lok_201617_comitiva.jpg?fit=1920%2C1440&ssl=1","jetpack_sharing_enabled":true,"_links":{"self":[{"href":"https:\/\/www.akram.pt\/web\/wp-json\/wp\/v2\/posts\/539","targetHints":{"allow":["GET"]}}],"collection":[{"href":"https:\/\/www.akram.pt\/web\/wp-json\/wp\/v2\/posts"}],"about":[{"href":"https:\/\/www.akram.pt\/web\/wp-json\/wp\/v2\/types\/post"}],"author":[{"embeddable":true,"href":"https:\/\/www.akram.pt\/web\/wp-json\/wp\/v2\/users\/2"}],"replies":[{"embeddable":true,"href":"https:\/\/www.akram.pt\/web\/wp-json\/wp\/v2\/comments?post=539"}],"version-history":[{"count":0,"href":"https:\/\/www.akram.pt\/web\/wp-json\/wp\/v2\/posts\/539\/revisions"}],"wp:featuredmedia":[{"embeddable":true,"href":"https:\/\/www.akram.pt\/web\/wp-json\/wp\/v2\/media\/540"}],"wp:attachment":[{"href":"https:\/\/www.akram.pt\/web\/wp-json\/wp\/v2\/media?parent=539"}],"wp:term":[{"taxonomy":"category","embeddable":true,"href":"https:\/\/www.akram.pt\/web\/wp-json\/wp\/v2\/categories?post=539"},{"taxonomy":"post_tag","embeddable":true,"href":"https:\/\/www.akram.pt\/web\/wp-json\/wp\/v2\/tags?post=539"}],"curies":[{"name":"wp","href":"https:\/\/api.w.org\/{rel}","templated":true}]}}