{"id":584,"date":"2016-11-22T22:10:10","date_gmt":"2016-11-22T22:10:10","guid":{"rendered":"http:\/\/www.akram.pt\/web\/?p=584"},"modified":"2016-11-22T22:10:10","modified_gmt":"2016-11-22T22:10:10","slug":"3a-liga-olimpica-de-karate-201617","status":"publish","type":"post","link":"https:\/\/www.akram.pt\/web\/2016\/11\/3a-liga-olimpica-de-karate-201617\/","title":{"rendered":"3\u00aa Liga Ol\u00edmpica de Karat\u00e9 &#8211; 2016\/17"},"content":{"rendered":"<p>Os atletas Jo\u00e3o Casimiro, Henrique Ferreira, Andr\u00e9 Pestana, David Moreira e Ricardo Viveiros participaram no passado dia 19 de novembro na 3\u00aa Jornada da Liga Ol\u00edmpica de Karat\u00e9, que se realizou em Albufeira. A acompanhar os atletas, estiveram os treinadores PEP Rafael Jardim e Liliana F\u00e9lix.<\/p>\n<p>Em termos de Kata, os resultados foram:<\/p>\n<div><b>Andr\u00e9 Pestana &#8211; Kata Cadete Masculino<\/b><\/div>\n<div>1\u00ba combate &#8211; ganhou 5-0;<\/div>\n<div>2\u00ba combate &#8211; ganhou 5-0;<\/div>\n<div>Resultado &#8211; 1\u00ba lugar<\/div>\n<div>\u00a0<\/div>\n<div><b>Henrique Ferreira &#8211; Kata J\u00fanior Masculino<\/b><br \/>\n1\u00ba combate &#8211; ganhou 3-2;<\/div>\n<div>2\u00ba combate &#8211; ganhou 5-0;\u00a0<\/div>\n<div>3\u00ba combate &#8211; ganhou 5-0;<\/div>\n<div>4\u00ba combate &#8211; ganhou 3-2;<\/div>\n<div>5\u00ba combate &#8211; perdeu 2-3;<\/div>\n<div>Resultado &#8211; 2\u00ba lugar<\/div>\n<div>\u00a0<\/div>\n<div>\n<div><b>Jo\u00e3o Casimiro &#8211; Kata J\u00fanior Masculino<\/b><br \/>\n1\u00ba combate &#8211; ganhou 4-1;<\/div>\n<div>2\u00ba combate &#8211; perdeu 4-1;\u00a0<\/div>\n<div>3\u00ba combate &#8211; perdeu 3-2;<\/div>\n<div>4\u00ba combate &#8211; perdeu 3-2;<\/div>\n<div>Resultado final &#8211; 4\u00ba lugar<\/div>\n<div>\u00a0<\/div>\n<div>\u00a0<\/div>\n<\/div>\n<div>Na vertente kumite, o primeiro lugar do p\u00f3dio foi conquistado pelo atleta do CKC Ricardo Viveiros no escal\u00e3o de J\u00faniores + 71kg, enquanto no escal\u00e3o de cadetes \u2013 67 kg, o atleta David Moreira ficou em 4\u00ba lugar.<\/div>\n<div>\n<div>\u00a0<\/div>\n<div>O balan\u00e7o \u00e9 bastante positivo, estiveram todos bem, e enquadrados com a fase de prepara\u00e7\u00e3o para o Campeonato Nacional.<\/div>\n<\/div>\n","protected":false},"excerpt":{"rendered":"<p>Os atletas Jo\u00e3o Casimiro, Henrique Ferreira, Andr\u00e9 Pestana, David Moreira e Ricardo Viveiros participaram no passado dia 19 de novembro na 3\u00aa Jornada da Liga Ol\u00edmpica de Karat\u00e9, que se realizou em Albufeira. A acompanhar os atletas, estiveram os treinadores PEP Rafael Jardim e Liliana F\u00e9lix.<\/p>\n","protected":false},"author":2,"featured_media":585,"comment_status":"closed","ping_status":"open","sticky":false,"template":"","format":"standard","meta":{"_crdt_document":"","_jetpack_memberships_contains_paid_content":false,"footnotes":""},"categories":[4,5],"tags":[],"class_list":["post-584","post","type-post","status-publish","format-standard","has-post-thumbnail","hentry","category-noticias","category-resultados"],"jetpack_featured_media_url":"https:\/\/i0.wp.com\/www.akram.pt\/web\/wp-content\/uploads\/2016\/11\/FNK-P_LIGA_OL_MPICA_JORNADA_3_2016_a_2017.jpg?fit=790%2C1121&ssl=1","jetpack_sharing_enabled":true,"_links":{"self":[{"href":"https:\/\/www.akram.pt\/web\/wp-json\/wp\/v2\/posts\/584","targetHints":{"allow":["GET"]}}],"collection":[{"href":"https:\/\/www.akram.pt\/web\/wp-json\/wp\/v2\/posts"}],"about":[{"href":"https:\/\/www.akram.pt\/web\/wp-json\/wp\/v2\/types\/post"}],"author":[{"embeddable":true,"href":"https:\/\/www.akram.pt\/web\/wp-json\/wp\/v2\/users\/2"}],"replies":[{"embeddable":true,"href":"https:\/\/www.akram.pt\/web\/wp-json\/wp\/v2\/comments?post=584"}],"version-history":[{"count":0,"href":"https:\/\/www.akram.pt\/web\/wp-json\/wp\/v2\/posts\/584\/revisions"}],"wp:featuredmedia":[{"embeddable":true,"href":"https:\/\/www.akram.pt\/web\/wp-json\/wp\/v2\/media\/585"}],"wp:attachment":[{"href":"https:\/\/www.akram.pt\/web\/wp-json\/wp\/v2\/media?parent=584"}],"wp:term":[{"taxonomy":"category","embeddable":true,"href":"https:\/\/www.akram.pt\/web\/wp-json\/wp\/v2\/categories?post=584"},{"taxonomy":"post_tag","embeddable":true,"href":"https:\/\/www.akram.pt\/web\/wp-json\/wp\/v2\/tags?post=584"}],"curies":[{"name":"wp","href":"https:\/\/api.w.org\/{rel}","templated":true}]}}