{"id":587,"date":"2016-12-05T23:41:45","date_gmt":"2016-12-05T23:41:45","guid":{"rendered":"http:\/\/www.akram.pt\/web\/?p=587"},"modified":"2016-12-19T14:48:09","modified_gmt":"2016-12-19T14:48:09","slug":"karate-open-de-lisboa-2016","status":"publish","type":"post","link":"https:\/\/www.akram.pt\/web\/2016\/12\/karate-open-de-lisboa-2016\/","title":{"rendered":"Karat\u00e9 Open de Lisboa &#8211; 2016"},"content":{"rendered":"<p>No passado fim-de-semana, dia 3 de dezembro decorreu a primeira edi\u00e7\u00e3o do Karat\u00e9 Open de Lisboa no pavilh\u00e3o Casal Visto em Lisboa. Estiveram presentes atletas do Clube Karat\u00e9 do Cani\u00e7o, da Associa\u00e7\u00e3o Shotokan Kokusai Karat\u00e9 Santo Ant\u00f3nio, do Clube Naval do Funchal e da Associa\u00e7\u00e3o Desportiva de Machico em representa\u00e7\u00e3o da Associa\u00e7\u00e3o de Karat\u00e9 da Regi\u00e3o Aut\u00f3noma da Madeira.<\/p>\n<p>A prova teve inicio \u00e0s 9 horas, na vertente de kata no qual estiveram os atletas juvenis em representa\u00e7\u00e3o da sele\u00e7\u00e3o regional da Madeira. Nesta prova, os atletas Mat\u00e9 Szepsi e Bernardo Lopes passaram a primeira eliminat\u00f3ria enquanto que o Gon\u00e7alo Pilco e perdeu na primeira eliminat\u00f3ria. Ainda nos juvenis femininos, a karateca Catarina Trindade n\u00e3o conseguiu passar a primeira fase de elimina\u00e7\u00e3o enquanto que a colega de dojo Clara Sousa perdeu na segunda fase de eliminat\u00f3rias. A atleta iniciada Nadja Pilco venceu os dois primeiros encontros acabando por perder no terceiro encontro ficando na 15\u00aa posi\u00e7\u00e3o. Nos cadetes o Jo\u00e3o Rodrigues ficou pela primeira fase de eliminat\u00f3rias, enquanto o Andr\u00e9 Pestana perde na fase de repescagem garantindo o 7\u00ba lugar. No mesmo escal\u00e3o o Henrique Ferreira venceu todos os encontros, alcan\u00e7ando desta forma o lugar mais alto do p\u00f3dio. No escal\u00e3o juniores, o Jo\u00e3o Casimiro exibiu uma excelente forma perdendo apenas na final o que lhe garantiu o segundo lugar.<\/p>\n<p>Durante a tarde realizaram-se as provas de combate &#8211; kumit\u00e9, sendo os atletas Dimitry Guillen e Mateus Abreu os primeiros a combater. Na categoria \u2013 50 kg o competidor Dimitry n\u00e3o conseguiu chegar a segunda fase de eliminat\u00f3rias enquanto nos + 50kg o Juvenil Mateus Abreu conquistou o segundo lugar do p\u00f3dio perdendo apenas na final. Nos cadetes foi a vez do competidor David Moreira entrar em prova, contudo este acabou por sair derrotado no primeiro encontro. Nos Juniores \u2013 71 kg o novato Paulo Sousa conseguiu conquistar os \u00e1rbitros no primeiro encontro que acabou por se revolver atrav\u00e9s do hentei, vota\u00e7\u00e3o dos \u00e1rbitros, todavia no segundo encontro a prefer\u00eancia dos \u00e1rbitros foi para o seu advers\u00e1rio. O primeiro lugar do foi conquistado pelo atleta Ricardo Viveiros no escal\u00e3o de Juniores + 71kg que revelou superioridade em todos os combates realizados.<\/p>\n<p>Nos s\u00e9niores, uma prova que integrou grandes nomes do karat\u00e9 nacional o atleta Jo\u00e3o Silva ficou-se pela primeira eliminat\u00f3ria num combate decido pela vota\u00e7\u00e3o arbitral frente ao karateca da Liga Portuguesa de Karat\u00e9, Miguel Peixoto.<\/p>\n<p>Esta prova foi fundamental para averiguar o n\u00edvel dos atletas uma vez que esta prova se realizou a uma semana de uma das provas mais importantes da \u00e9poca, o Campeonato Nacional de Cadetes e Juniores.<\/p>\n<p>&nbsp;<\/p>\n<p><a href=\"https:\/\/i0.wp.com\/www.akram.pt\/web\/wp-content\/uploads\/2016\/12\/comitiva_akram_open_lisboa_2016.jpg\" rel=\"lightbox[587]\"><img data-recalc-dims=\"1\" loading=\"lazy\" decoding=\"async\" data-attachment-id=\"588\" data-permalink=\"https:\/\/www.akram.pt\/web\/2016\/12\/karate-open-de-lisboa-2016\/comitiva_akram_open_lisboa_2016\/#main\" data-orig-file=\"https:\/\/i0.wp.com\/www.akram.pt\/web\/wp-content\/uploads\/2016\/12\/comitiva_akram_open_lisboa_2016.jpg?fit=960%2C720&amp;ssl=1\" data-orig-size=\"960,720\" data-comments-opened=\"0\" data-image-meta=\"{&quot;aperture&quot;:&quot;0&quot;,&quot;credit&quot;:&quot;&quot;,&quot;camera&quot;:&quot;&quot;,&quot;caption&quot;:&quot;&quot;,&quot;created_timestamp&quot;:&quot;0&quot;,&quot;copyright&quot;:&quot;&quot;,&quot;focal_length&quot;:&quot;0&quot;,&quot;iso&quot;:&quot;0&quot;,&quot;shutter_speed&quot;:&quot;0&quot;,&quot;title&quot;:&quot;&quot;,&quot;orientation&quot;:&quot;0&quot;}\" data-image-title=\"comitiva_akram_open_lisboa_2016\" data-image-description=\"\" data-image-caption=\"\" data-large-file=\"https:\/\/i0.wp.com\/www.akram.pt\/web\/wp-content\/uploads\/2016\/12\/comitiva_akram_open_lisboa_2016.jpg?fit=960%2C720&amp;ssl=1\" class=\"aligncenter wp-image-588 size-medium\" src=\"https:\/\/i0.wp.com\/www.akram.pt\/web\/wp-content\/uploads\/2016\/12\/comitiva_akram_open_lisboa_2016-300x225.jpg?resize=300%2C225\" alt=\"comitiva_akram_open_lisboa_2016\" width=\"300\" height=\"225\" srcset=\"https:\/\/i0.wp.com\/www.akram.pt\/web\/wp-content\/uploads\/2016\/12\/comitiva_akram_open_lisboa_2016.jpg?resize=300%2C225&amp;ssl=1 300w, https:\/\/i0.wp.com\/www.akram.pt\/web\/wp-content\/uploads\/2016\/12\/comitiva_akram_open_lisboa_2016.jpg?resize=768%2C576&amp;ssl=1 768w, https:\/\/i0.wp.com\/www.akram.pt\/web\/wp-content\/uploads\/2016\/12\/comitiva_akram_open_lisboa_2016.jpg?resize=380%2C285&amp;ssl=1 380w, https:\/\/i0.wp.com\/www.akram.pt\/web\/wp-content\/uploads\/2016\/12\/comitiva_akram_open_lisboa_2016.jpg?resize=285%2C214&amp;ssl=1 285w, https:\/\/i0.wp.com\/www.akram.pt\/web\/wp-content\/uploads\/2016\/12\/comitiva_akram_open_lisboa_2016.jpg?w=960&amp;ssl=1 960w\" sizes=\"auto, (max-width: 300px) 100vw, 300px\" \/><\/a><\/p>\n","protected":false},"excerpt":{"rendered":"<p>No passado fim-de-semana, dia 3 de dezembro decorreu a primeira edi\u00e7\u00e3o do Karat\u00e9 Open de Lisboa no pavilh\u00e3o Casal Visto em Lisboa.<\/p>\n","protected":false},"author":2,"featured_media":588,"comment_status":"closed","ping_status":"open","sticky":false,"template":"","format":"standard","meta":{"_crdt_document":"","_jetpack_memberships_contains_paid_content":false,"footnotes":""},"categories":[4,5],"tags":[],"class_list":["post-587","post","type-post","status-publish","format-standard","has-post-thumbnail","hentry","category-noticias","category-resultados"],"jetpack_featured_media_url":"https:\/\/i0.wp.com\/www.akram.pt\/web\/wp-content\/uploads\/2016\/12\/comitiva_akram_open_lisboa_2016.jpg?fit=960%2C720&ssl=1","jetpack_sharing_enabled":true,"_links":{"self":[{"href":"https:\/\/www.akram.pt\/web\/wp-json\/wp\/v2\/posts\/587","targetHints":{"allow":["GET"]}}],"collection":[{"href":"https:\/\/www.akram.pt\/web\/wp-json\/wp\/v2\/posts"}],"about":[{"href":"https:\/\/www.akram.pt\/web\/wp-json\/wp\/v2\/types\/post"}],"author":[{"embeddable":true,"href":"https:\/\/www.akram.pt\/web\/wp-json\/wp\/v2\/users\/2"}],"replies":[{"embeddable":true,"href":"https:\/\/www.akram.pt\/web\/wp-json\/wp\/v2\/comments?post=587"}],"version-history":[{"count":0,"href":"https:\/\/www.akram.pt\/web\/wp-json\/wp\/v2\/posts\/587\/revisions"}],"wp:featuredmedia":[{"embeddable":true,"href":"https:\/\/www.akram.pt\/web\/wp-json\/wp\/v2\/media\/588"}],"wp:attachment":[{"href":"https:\/\/www.akram.pt\/web\/wp-json\/wp\/v2\/media?parent=587"}],"wp:term":[{"taxonomy":"category","embeddable":true,"href":"https:\/\/www.akram.pt\/web\/wp-json\/wp\/v2\/categories?post=587"},{"taxonomy":"post_tag","embeddable":true,"href":"https:\/\/www.akram.pt\/web\/wp-json\/wp\/v2\/tags?post=587"}],"curies":[{"name":"wp","href":"https:\/\/api.w.org\/{rel}","templated":true}]}}