{"id":616,"date":"2017-01-19T00:46:51","date_gmt":"2017-01-19T00:46:51","guid":{"rendered":"http:\/\/www.akram.pt\/web\/?p=616"},"modified":"2017-01-19T00:49:31","modified_gmt":"2017-01-19T00:49:31","slug":"open-de-paris-2017","status":"publish","type":"post","link":"https:\/\/www.akram.pt\/web\/2017\/01\/open-de-paris-2017\/","title":{"rendered":"Open de Paris 2017"},"content":{"rendered":"<p>Jo\u00e3o Casimiro (ASKKSA) ir\u00e1 participar no Open de Paris 2017, prova que se realiza nos dias 27 a 29 do presente m\u00eas de janeiro. A acompanhar o atleta, estar\u00e1 o treinador PEP Kata, Rafael Jardim.<br \/>\n <a href=\"https:\/\/i0.wp.com\/www.akram.pt\/web\/wp-content\/uploads\/2017\/01\/cartaz_open_paris_2017.png\" rel=\"lightbox[616]\"><img data-recalc-dims=\"1\" loading=\"lazy\" decoding=\"async\" data-attachment-id=\"617\" data-permalink=\"https:\/\/www.akram.pt\/web\/2017\/01\/open-de-paris-2017\/cartaz_open_paris_2017\/#main\" data-orig-file=\"https:\/\/i0.wp.com\/www.akram.pt\/web\/wp-content\/uploads\/2017\/01\/cartaz_open_paris_2017.png?fit=567%2C850&amp;ssl=1\" data-orig-size=\"567,850\" data-comments-opened=\"0\" data-image-meta=\"{&quot;aperture&quot;:&quot;0&quot;,&quot;credit&quot;:&quot;&quot;,&quot;camera&quot;:&quot;&quot;,&quot;caption&quot;:&quot;&quot;,&quot;created_timestamp&quot;:&quot;0&quot;,&quot;copyright&quot;:&quot;&quot;,&quot;focal_length&quot;:&quot;0&quot;,&quot;iso&quot;:&quot;0&quot;,&quot;shutter_speed&quot;:&quot;0&quot;,&quot;title&quot;:&quot;&quot;,&quot;orientation&quot;:&quot;0&quot;}\" data-image-title=\"cartaz_open_paris_2017\" data-image-description=\"\" data-image-caption=\"\" data-large-file=\"https:\/\/i0.wp.com\/www.akram.pt\/web\/wp-content\/uploads\/2017\/01\/cartaz_open_paris_2017.png?fit=567%2C850&amp;ssl=1\" class=\"aligncenter size-medium wp-image-617\" src=\"https:\/\/i0.wp.com\/www.akram.pt\/web\/wp-content\/uploads\/2017\/01\/cartaz_open_paris_2017-200x300.png?resize=200%2C300\" alt=\"\" width=\"200\" height=\"300\" srcset=\"https:\/\/i0.wp.com\/www.akram.pt\/web\/wp-content\/uploads\/2017\/01\/cartaz_open_paris_2017.png?resize=200%2C300&amp;ssl=1 200w, https:\/\/i0.wp.com\/www.akram.pt\/web\/wp-content\/uploads\/2017\/01\/cartaz_open_paris_2017.png?w=567&amp;ssl=1 567w\" sizes=\"auto, (max-width: 200px) 100vw, 200px\" \/><\/a><\/p>\n<p>Esta prova, \u00e9 a 1\u00aa do circuito mundial da WKF, KARATE1 &#8211; Premier League.<\/p>\n<p>De acordo como plano de desenvolvimento desportivo da AKRAM, \u00a0atrav\u00e9s do projecto PEP e enquadrado no planeamento do desenvolvimento t\u00e9cnico e formativo dos seus atletas, Jo\u00e3o ir\u00e1 participar na prova de Kata Masculino (+ 16 anos).\u00a0<\/p>\n<p>Ser\u00e1, de certeza, uma experi\u00eancia bastante enriquecedora, a todos os n\u00edveis.<\/p>\n<p>Devido ao limite m\u00ednimo de idade, desta vez ir\u00e1 apenas 1 atleta, mas j\u00e1 est\u00e3o a ser analisadas outras provas, deste g\u00e9nero, que permitir\u00e1 outros atletas a participar, nas vertentes de Kata e Kumite, cujo objectivo principal, \u00e9 o desenvolvimento do Karate Regional&#8230;modalidade que j\u00e1 tem carater Ol\u00edmpico!<\/p>\n<p>O Karate1-Premier League- \u00e9 o evento de liga mais importante no mundo do Karate. \u00c9 composto de um n\u00famero de competi\u00e7\u00f5es de Karate mais proeminentes e se esfor\u00e7a para reunir os melhores atletas de Karate no mundo em um campeonato aberto de escala sem precedentes e de qualidade.<\/p>\n<p>Iniciado em 2011 com dois torneios realizados em Paris e Istambul, o Karate1-Premier League- tem feito progressos exponenciais em termos de magnitude e status dos torneios, bem como o n\u00famero de participantes e pa\u00edses representados.<\/p>\n<p>A AKRAM deseja boa sorte ao atleta\u00a0e treinador nos seus objetivos, neste prova ao mais alto n\u00edvel do Karat\u00e9 mundial!<\/p>\n","protected":false},"excerpt":{"rendered":"<p>Jo\u00e3o Casimiro (ASKKSA) ir\u00e1 participar no Open de Paris 2017<\/p>\n","protected":false},"author":2,"featured_media":617,"comment_status":"closed","ping_status":"open","sticky":false,"template":"","format":"standard","meta":{"_crdt_document":"","_jetpack_memberships_contains_paid_content":false,"footnotes":""},"categories":[4],"tags":[],"class_list":["post-616","post","type-post","status-publish","format-standard","has-post-thumbnail","hentry","category-noticias"],"jetpack_featured_media_url":"https:\/\/i0.wp.com\/www.akram.pt\/web\/wp-content\/uploads\/2017\/01\/cartaz_open_paris_2017.png?fit=567%2C850&ssl=1","jetpack_sharing_enabled":true,"_links":{"self":[{"href":"https:\/\/www.akram.pt\/web\/wp-json\/wp\/v2\/posts\/616","targetHints":{"allow":["GET"]}}],"collection":[{"href":"https:\/\/www.akram.pt\/web\/wp-json\/wp\/v2\/posts"}],"about":[{"href":"https:\/\/www.akram.pt\/web\/wp-json\/wp\/v2\/types\/post"}],"author":[{"embeddable":true,"href":"https:\/\/www.akram.pt\/web\/wp-json\/wp\/v2\/users\/2"}],"replies":[{"embeddable":true,"href":"https:\/\/www.akram.pt\/web\/wp-json\/wp\/v2\/comments?post=616"}],"version-history":[{"count":0,"href":"https:\/\/www.akram.pt\/web\/wp-json\/wp\/v2\/posts\/616\/revisions"}],"wp:featuredmedia":[{"embeddable":true,"href":"https:\/\/www.akram.pt\/web\/wp-json\/wp\/v2\/media\/617"}],"wp:attachment":[{"href":"https:\/\/www.akram.pt\/web\/wp-json\/wp\/v2\/media?parent=616"}],"wp:term":[{"taxonomy":"category","embeddable":true,"href":"https:\/\/www.akram.pt\/web\/wp-json\/wp\/v2\/categories?post=616"},{"taxonomy":"post_tag","embeddable":true,"href":"https:\/\/www.akram.pt\/web\/wp-json\/wp\/v2\/tags?post=616"}],"curies":[{"name":"wp","href":"https:\/\/api.w.org\/{rel}","templated":true}]}}