{"id":624,"date":"2017-01-24T23:41:30","date_gmt":"2017-01-24T23:41:30","guid":{"rendered":"http:\/\/www.akram.pt\/web\/?p=624"},"modified":"2017-01-24T23:41:30","modified_gmt":"2017-01-24T23:41:30","slug":"xv-torneio-internacional-de-vila-das-aves","status":"publish","type":"post","link":"https:\/\/www.akram.pt\/web\/2017\/01\/xv-torneio-internacional-de-vila-das-aves\/","title":{"rendered":"XV Torneio Internacional de Vila das Aves"},"content":{"rendered":"<p>No passado fim-de-semana, dia 21 de janeiro decorreu a XXIII edi\u00e7\u00e3o do Grande Torneio de Karat\u00e9 de Vilas das Aves no pavilh\u00e3o Municipal de S\u00e3o Tirso. Nesta prova, estiveram presentes atletas do Clube Karat\u00e9 do Cani\u00e7o (CKC), da Associa\u00e7\u00e3o Shotokan Kokusai Karat\u00e9 Santo Ant\u00f3nio (ASKKSA), do Clube Naval do Funchal (CNF), da Associa\u00e7\u00e3o Desportiva de Machico (ADM) e do Clube Escola B\u00e1sica e Secund\u00e1ria de Santa Cruz (CDEBSSC) em representa\u00e7\u00e3o da Associa\u00e7\u00e3o de Karat\u00e9 da Regi\u00e3o Aut\u00f3noma da Madeira (AKRAM).<\/p>\n<p><a href=\"https:\/\/i0.wp.com\/www.akram.pt\/web\/wp-content\/uploads\/2017\/01\/comitiva_vila_aves_2017.jpg\" rel=\"lightbox[624]\"><img data-recalc-dims=\"1\" loading=\"lazy\" decoding=\"async\" data-attachment-id=\"625\" data-permalink=\"https:\/\/www.akram.pt\/web\/2017\/01\/xv-torneio-internacional-de-vila-das-aves\/comitiva_vila_aves_2017\/#main\" data-orig-file=\"https:\/\/i0.wp.com\/www.akram.pt\/web\/wp-content\/uploads\/2017\/01\/comitiva_vila_aves_2017.jpg?fit=3264%2C2448&amp;ssl=1\" data-orig-size=\"3264,2448\" data-comments-opened=\"0\" data-image-meta=\"{&quot;aperture&quot;:&quot;2.2&quot;,&quot;credit&quot;:&quot;&quot;,&quot;camera&quot;:&quot;iPhone 6 Plus&quot;,&quot;caption&quot;:&quot;&quot;,&quot;created_timestamp&quot;:&quot;1485028284&quot;,&quot;copyright&quot;:&quot;&quot;,&quot;focal_length&quot;:&quot;4.15&quot;,&quot;iso&quot;:&quot;40&quot;,&quot;shutter_speed&quot;:&quot;0.03030303030303&quot;,&quot;title&quot;:&quot;&quot;,&quot;orientation&quot;:&quot;1&quot;}\" data-image-title=\"comitiva_vila_aves_2017\" data-image-description=\"\" data-image-caption=\"\" data-large-file=\"https:\/\/i0.wp.com\/www.akram.pt\/web\/wp-content\/uploads\/2017\/01\/comitiva_vila_aves_2017.jpg?fit=1024%2C768&amp;ssl=1\" class=\"aligncenter size-medium wp-image-625\" src=\"https:\/\/i0.wp.com\/www.akram.pt\/web\/wp-content\/uploads\/2017\/01\/comitiva_vila_aves_2017-300x225.jpg?resize=300%2C225\" alt=\"\" width=\"300\" height=\"225\" srcset=\"https:\/\/i0.wp.com\/www.akram.pt\/web\/wp-content\/uploads\/2017\/01\/comitiva_vila_aves_2017.jpg?resize=300%2C225&amp;ssl=1 300w, https:\/\/i0.wp.com\/www.akram.pt\/web\/wp-content\/uploads\/2017\/01\/comitiva_vila_aves_2017.jpg?resize=768%2C576&amp;ssl=1 768w, https:\/\/i0.wp.com\/www.akram.pt\/web\/wp-content\/uploads\/2017\/01\/comitiva_vila_aves_2017.jpg?resize=1024%2C768&amp;ssl=1 1024w, https:\/\/i0.wp.com\/www.akram.pt\/web\/wp-content\/uploads\/2017\/01\/comitiva_vila_aves_2017.jpg?resize=380%2C285&amp;ssl=1 380w, https:\/\/i0.wp.com\/www.akram.pt\/web\/wp-content\/uploads\/2017\/01\/comitiva_vila_aves_2017.jpg?resize=285%2C214&amp;ssl=1 285w, https:\/\/i0.wp.com\/www.akram.pt\/web\/wp-content\/uploads\/2017\/01\/comitiva_vila_aves_2017.jpg?w=2340&amp;ssl=1 2340w\" sizes=\"auto, (max-width: 300px) 100vw, 300px\" \/><\/a><\/p>\n<p>A prova teve inicio \u00e0s 9h com as provas de kata iniciados, juvenis e cadetes.<\/p>\n<p>Na prova de juvenis femininas, a atleta da ASKKSA Catarina Trindade passou a primeira eliminat\u00f3ria enquanto a colega de dojo Clara Vasconcelos ficou-se pela primeira eliminat\u00f3ria.<\/p>\n<p>A karateca Carlota Sargo alcan\u00e7ou o 5\u00ba lugar enquanto a Francisca P\u00e3o do mesmo clube ficou no 16\u00ba lugar.<\/p>\n<p>Nos juvenis o atleta da ADM Pedro Rodrigues, M\u00e1t\u00e9 Szepsi do CKC, Bernardo Lopes da ASKKSA e Gon\u00e7alo Silva do CNF perderam no primeiro encontro e o Gon\u00e7alo Pilco da ASKKSA garantiu o 5\u00ba lugar perdendo na ultima eliminat\u00f3ria da repescagem.<\/p>\n<p>Os cadetes revelaram um bom n\u00edvel competitivo sendo o segundo lugar mais alto do p\u00f3dio obtido pelo atleta do CKC Henrique Ferreira que perdeu apenas na final. O atleta do CDEBSSC Pedro Nunes e Andr\u00e9 Pestana da ASKKSA perderam na segunda eliminat\u00f3ria ao passo que o Jo\u00e3o Rodrigues ficou-se pelo primeiro encontro.<\/p>\n<p>No kata J\u00fanior o Jo\u00e3o Casimiro conseguiu alcan\u00e7ar o primeiro lugar defrontando todos os seus advers\u00e1rios.<\/p>\n<p>Na prova de Sub 21 masculino o Jo\u00e3o Correia do CDEBSSC perdeu na repescagem ficando em 5\u00ba lugar e o Tiago Freitas em 7\u00ba. Ainda nesta prova o atleta da ADM \u00c1lvaro Alves da ADM perdeu no primeiro encontro ficando em 9\u00ba lugar.<\/p>\n<p>Na vertente kumite, combate, o iniciado masculino do CNF Jo\u00e3o Castro na categoria + 40kg perdeu na repescagem ficando em 9\u00ba e o Bartolomeu Batista do CKC perdeu no segundo encontro.<\/p>\n<p>Nos juvenis \u2013 50kg o Dmitry do CKC empatou no primeiro encontro tendo sido o desempate resolvido pela decis\u00e3o arbitral em desvantagem para o atleta da regi\u00e3o. Nesta prova tamb\u00e9m marcaram presen\u00e7a os atletas do CNF Lucas Oliveira e Jo\u00e3o Gon\u00e7alves que n\u00e3o conseguiram arrecadar pontos que os levasse a segunda eliminat\u00f3ria.<\/p>\n<p>No mesmo escal\u00e3o, categoria + 50 kg o Mateus Abreu do CKC perdeu na segunda eliminat\u00f3ria com um atleta espanhol de bom n\u00edvel competitivo.<\/p>\n<p>O David Moreira do CKC conseguiu alcan\u00e7ar o 5\u00ba lugar vencendo 3 eliminat\u00f3rias perdendo na final da pool.<\/p>\n<p>Nos juniores \u2013 68kg o atleta Paulo Sousa do CKC perdeu no primeiro encontro enquanto que o atleta Daniel Ferreira do CDEBSSC chegou a segunda eliminat\u00f3ria vindo a perder. Na mesma prova o atleta do CNF Gon\u00e7alo Barros chegou a repescagem, contudo a derrota valeu-lhe o 5\u00ba lugar.<\/p>\n<p>Em juniores &#8211; 76 kg o Ricardo Viveiros do CKC alcan\u00e7ou o lugar mais alto do p\u00f3dio vencendo todos os encontros enquanto que o Teodoro Henriques na prova dos + 76 kg conquistou o terceiro lugar.<\/p>\n<p>O atleta s\u00e9nior da ADM saiu vencido do primeiro encontro que lhe garantiu lugar na repescagem, contudo n\u00e3o foi al\u00e9m da primeira volta ficando assim em 5\u00ba.<\/p>\n<p>Nas s\u00e9niores feminino a atleta Cl\u00e1udia Pereira do CDEBSSC, em -55kg conquistou o 3\u00ba lugar.<\/p>\n<p>A acompanhar a comitiva esteve o Presidente da Dire\u00e7\u00e3o Samuel Ch\u00edcharo e os treinadores Liliana F\u00e9lix, Rafael Jardim, Miguel Vieira e Bruno Menezes.<\/p>\n<p><a href=\"https:\/\/i0.wp.com\/www.akram.pt\/web\/wp-content\/uploads\/2017\/01\/IMG_5313.jpg\" rel=\"lightbox[624]\"><img data-recalc-dims=\"1\" loading=\"lazy\" decoding=\"async\" data-attachment-id=\"626\" data-permalink=\"https:\/\/www.akram.pt\/web\/2017\/01\/xv-torneio-internacional-de-vila-das-aves\/img_5313\/#main\" data-orig-file=\"https:\/\/i0.wp.com\/www.akram.pt\/web\/wp-content\/uploads\/2017\/01\/IMG_5313.jpg?fit=3264%2C2448&amp;ssl=1\" data-orig-size=\"3264,2448\" data-comments-opened=\"0\" data-image-meta=\"{&quot;aperture&quot;:&quot;2.2&quot;,&quot;credit&quot;:&quot;&quot;,&quot;camera&quot;:&quot;iPhone 6 Plus&quot;,&quot;caption&quot;:&quot;&quot;,&quot;created_timestamp&quot;:&quot;1485031226&quot;,&quot;copyright&quot;:&quot;&quot;,&quot;focal_length&quot;:&quot;4.15&quot;,&quot;iso&quot;:&quot;50&quot;,&quot;shutter_speed&quot;:&quot;0.03030303030303&quot;,&quot;title&quot;:&quot;&quot;,&quot;orientation&quot;:&quot;1&quot;}\" data-image-title=\"Premiados no Vila das Aves\" data-image-description=\"\" data-image-caption=\"\" data-large-file=\"https:\/\/i0.wp.com\/www.akram.pt\/web\/wp-content\/uploads\/2017\/01\/IMG_5313.jpg?fit=1024%2C768&amp;ssl=1\" class=\"aligncenter size-medium wp-image-626\" src=\"https:\/\/i0.wp.com\/www.akram.pt\/web\/wp-content\/uploads\/2017\/01\/IMG_5313-300x225.jpg?resize=300%2C225\" alt=\"\" width=\"300\" height=\"225\" srcset=\"https:\/\/i0.wp.com\/www.akram.pt\/web\/wp-content\/uploads\/2017\/01\/IMG_5313.jpg?resize=300%2C225&amp;ssl=1 300w, https:\/\/i0.wp.com\/www.akram.pt\/web\/wp-content\/uploads\/2017\/01\/IMG_5313.jpg?resize=768%2C576&amp;ssl=1 768w, https:\/\/i0.wp.com\/www.akram.pt\/web\/wp-content\/uploads\/2017\/01\/IMG_5313.jpg?resize=1024%2C768&amp;ssl=1 1024w, https:\/\/i0.wp.com\/www.akram.pt\/web\/wp-content\/uploads\/2017\/01\/IMG_5313.jpg?resize=380%2C285&amp;ssl=1 380w, https:\/\/i0.wp.com\/www.akram.pt\/web\/wp-content\/uploads\/2017\/01\/IMG_5313.jpg?resize=285%2C214&amp;ssl=1 285w, https:\/\/i0.wp.com\/www.akram.pt\/web\/wp-content\/uploads\/2017\/01\/IMG_5313.jpg?w=2340&amp;ssl=1 2340w\" sizes=\"auto, (max-width: 300px) 100vw, 300px\" \/><\/a><\/p>\n","protected":false},"excerpt":{"rendered":"<p>No passado fim-de-semana, dia 21 de janeiro decorreu a XXIII edi\u00e7\u00e3o do Grande Torneio de Karat\u00e9 de Vilas das Aves no pavilh\u00e3o Municipal de S\u00e3o Tirso. Nesta prova, estiveram presentes atletas do Clube Karat\u00e9 do Cani\u00e7o (CKC), da Associa\u00e7\u00e3o Shotokan Kokusai Karat\u00e9 Santo Ant\u00f3nio (ASKKSA), do Clube Naval do Funchal (CNF), da Associa\u00e7\u00e3o Desportiva de<\/p>\n<p class=\"more-link\"><a href=\"https:\/\/www.akram.pt\/web\/2017\/01\/xv-torneio-internacional-de-vila-das-aves\/\" class=\"themebutton\">Read More<\/a><\/p>\n","protected":false},"author":2,"featured_media":625,"comment_status":"closed","ping_status":"open","sticky":false,"template":"","format":"standard","meta":{"_crdt_document":"","_jetpack_memberships_contains_paid_content":false,"footnotes":""},"categories":[4,5],"tags":[],"class_list":["post-624","post","type-post","status-publish","format-standard","has-post-thumbnail","hentry","category-noticias","category-resultados"],"jetpack_featured_media_url":"https:\/\/i0.wp.com\/www.akram.pt\/web\/wp-content\/uploads\/2017\/01\/comitiva_vila_aves_2017.jpg?fit=3264%2C2448&ssl=1","jetpack_sharing_enabled":true,"_links":{"self":[{"href":"https:\/\/www.akram.pt\/web\/wp-json\/wp\/v2\/posts\/624","targetHints":{"allow":["GET"]}}],"collection":[{"href":"https:\/\/www.akram.pt\/web\/wp-json\/wp\/v2\/posts"}],"about":[{"href":"https:\/\/www.akram.pt\/web\/wp-json\/wp\/v2\/types\/post"}],"author":[{"embeddable":true,"href":"https:\/\/www.akram.pt\/web\/wp-json\/wp\/v2\/users\/2"}],"replies":[{"embeddable":true,"href":"https:\/\/www.akram.pt\/web\/wp-json\/wp\/v2\/comments?post=624"}],"version-history":[{"count":0,"href":"https:\/\/www.akram.pt\/web\/wp-json\/wp\/v2\/posts\/624\/revisions"}],"wp:featuredmedia":[{"embeddable":true,"href":"https:\/\/www.akram.pt\/web\/wp-json\/wp\/v2\/media\/625"}],"wp:attachment":[{"href":"https:\/\/www.akram.pt\/web\/wp-json\/wp\/v2\/media?parent=624"}],"wp:term":[{"taxonomy":"category","embeddable":true,"href":"https:\/\/www.akram.pt\/web\/wp-json\/wp\/v2\/categories?post=624"},{"taxonomy":"post_tag","embeddable":true,"href":"https:\/\/www.akram.pt\/web\/wp-json\/wp\/v2\/tags?post=624"}],"curies":[{"name":"wp","href":"https:\/\/api.w.org\/{rel}","templated":true}]}}