{"id":640,"date":"2017-01-28T22:51:54","date_gmt":"2017-01-28T22:51:54","guid":{"rendered":"http:\/\/www.akram.pt\/web\/?p=640"},"modified":"2017-01-28T23:01:42","modified_gmt":"2017-01-28T23:01:42","slug":"open-de-paris-2017-resultados","status":"publish","type":"post","link":"https:\/\/www.akram.pt\/web\/2017\/01\/open-de-paris-2017-resultados\/","title":{"rendered":"Open de Paris &#8211; 2017 &#8211; Resultados"},"content":{"rendered":"<p>Decorre nos dias 27 a 29 de janeiro o Open de Paris em Karat\u00e9, prova a contar para a Premier League de Karat\u00e9. Esta prova, este ano bateu recorde de participa\u00e7\u00e3o com + de 1200 atletas, vindos de todos o mundo, onde compareceram os campe\u00f5es mundiais de Juniores, seniores, campe\u00f5es europeus, americo-latinos e asi\u00e1ticos.<\/p>\n<p>A domin\u00e2ncia, em Kata, foi do Jap\u00e3o com a disputa do 1\u00ba lugar e respectivos 3\u00ba lugar (os 6 karatecas s\u00e3o do Jap\u00e3o).<\/p>\n<p>Em rela\u00e7\u00e3o ao atleta madeirense Jo\u00e3o Casimiro (ASKKSA), passou a 1\u00ba eliminat\u00f3ria por bye, na 2\u00aa eliminat\u00f3ria, perderia com o atleta franc\u00eas s\u00e9nior, Vingadassalom Aexandre, pela margem m\u00ednima de 2\/3. O atleta franc\u00eas perderia na eliminat\u00f3ria seguinte com o japon\u00eas Moto Ryuji, eliminando assim as hip\u00f3teses de uma eventual, participa\u00e7\u00e3o em combates de repescagem.<\/p>\n<p>O treinador PEP-Kata Rafael Jardim acompanhou o seu atleta, e fez\u00a0a Certifica\u00e7\u00e3o de treinador WKF (v\u00e1lida por 3 anos). O evento espetacular quer permite aos nossos atletas\u00a0cruzarem-se com os melhores do mundo. Ajuda\u00a0tamb\u00e9m a situar em rela\u00e7\u00e3o ao karate madeirense, tanto n\u00edvel t\u00e9cnico mas principalmente a n\u00edvel de compet\u00eancias f\u00edsicas.<\/p>\n<p><a href=\"https:\/\/i0.wp.com\/www.akram.pt\/web\/wp-content\/uploads\/2017\/01\/open_paris_2017.jpg\" rel=\"lightbox[640]\"><img data-recalc-dims=\"1\" loading=\"lazy\" decoding=\"async\" data-attachment-id=\"641\" data-permalink=\"https:\/\/www.akram.pt\/web\/2017\/01\/open-de-paris-2017-resultados\/open_paris_2017\/#main\" data-orig-file=\"https:\/\/i0.wp.com\/www.akram.pt\/web\/wp-content\/uploads\/2017\/01\/open_paris_2017.jpg?fit=2048%2C1536&amp;ssl=1\" data-orig-size=\"2048,1536\" data-comments-opened=\"0\" data-image-meta=\"{&quot;aperture&quot;:&quot;0&quot;,&quot;credit&quot;:&quot;&quot;,&quot;camera&quot;:&quot;&quot;,&quot;caption&quot;:&quot;&quot;,&quot;created_timestamp&quot;:&quot;0&quot;,&quot;copyright&quot;:&quot;&quot;,&quot;focal_length&quot;:&quot;0&quot;,&quot;iso&quot;:&quot;0&quot;,&quot;shutter_speed&quot;:&quot;0&quot;,&quot;title&quot;:&quot;&quot;,&quot;orientation&quot;:&quot;0&quot;}\" data-image-title=\"open_paris_2017\" data-image-description=\"\" data-image-caption=\"\" data-large-file=\"https:\/\/i0.wp.com\/www.akram.pt\/web\/wp-content\/uploads\/2017\/01\/open_paris_2017.jpg?fit=1024%2C768&amp;ssl=1\" class=\"aligncenter size-medium wp-image-641\" src=\"https:\/\/i0.wp.com\/www.akram.pt\/web\/wp-content\/uploads\/2017\/01\/open_paris_2017-300x225.jpg?resize=300%2C225\" alt=\"\" width=\"300\" height=\"225\" srcset=\"https:\/\/i0.wp.com\/www.akram.pt\/web\/wp-content\/uploads\/2017\/01\/open_paris_2017.jpg?resize=300%2C225&amp;ssl=1 300w, https:\/\/i0.wp.com\/www.akram.pt\/web\/wp-content\/uploads\/2017\/01\/open_paris_2017.jpg?resize=768%2C576&amp;ssl=1 768w, https:\/\/i0.wp.com\/www.akram.pt\/web\/wp-content\/uploads\/2017\/01\/open_paris_2017.jpg?resize=1024%2C768&amp;ssl=1 1024w, https:\/\/i0.wp.com\/www.akram.pt\/web\/wp-content\/uploads\/2017\/01\/open_paris_2017.jpg?resize=380%2C285&amp;ssl=1 380w, https:\/\/i0.wp.com\/www.akram.pt\/web\/wp-content\/uploads\/2017\/01\/open_paris_2017.jpg?resize=285%2C214&amp;ssl=1 285w, https:\/\/i0.wp.com\/www.akram.pt\/web\/wp-content\/uploads\/2017\/01\/open_paris_2017.jpg?w=2048&amp;ssl=1 2048w\" sizes=\"auto, (max-width: 300px) 100vw, 300px\" \/><\/a><\/p>\n<p>Parab\u00e9ns pela participa\u00e7\u00e3o ao atleta, treinador \u00e9 \u00e0 AKRAM que apoiou esta desloca\u00e7\u00e3o.<\/p>\n","protected":false},"excerpt":{"rendered":"<p>Decorre nos dias 27 a 29 de janeiro o Open de Paris em Karat\u00e9, prova a contar para a Premier League de Karat\u00e9. Esta prova, este ano bateu recorde de participa\u00e7\u00e3o com + de 1200 atletas, vindos de todos o mundo, onde compareceram os campe\u00f5es mundiais de Juniores, seniores, campe\u00f5es europeus, americo-latinos e asi\u00e1ticos. A<\/p>\n<p class=\"more-link\"><a href=\"https:\/\/www.akram.pt\/web\/2017\/01\/open-de-paris-2017-resultados\/\" class=\"themebutton\">Read More<\/a><\/p>\n","protected":false},"author":2,"featured_media":617,"comment_status":"closed","ping_status":"open","sticky":false,"template":"","format":"standard","meta":{"_crdt_document":"","_jetpack_memberships_contains_paid_content":false,"footnotes":""},"categories":[4,5],"tags":[],"class_list":["post-640","post","type-post","status-publish","format-standard","has-post-thumbnail","hentry","category-noticias","category-resultados"],"jetpack_featured_media_url":"https:\/\/i0.wp.com\/www.akram.pt\/web\/wp-content\/uploads\/2017\/01\/cartaz_open_paris_2017.png?fit=567%2C850&ssl=1","jetpack_sharing_enabled":true,"_links":{"self":[{"href":"https:\/\/www.akram.pt\/web\/wp-json\/wp\/v2\/posts\/640","targetHints":{"allow":["GET"]}}],"collection":[{"href":"https:\/\/www.akram.pt\/web\/wp-json\/wp\/v2\/posts"}],"about":[{"href":"https:\/\/www.akram.pt\/web\/wp-json\/wp\/v2\/types\/post"}],"author":[{"embeddable":true,"href":"https:\/\/www.akram.pt\/web\/wp-json\/wp\/v2\/users\/2"}],"replies":[{"embeddable":true,"href":"https:\/\/www.akram.pt\/web\/wp-json\/wp\/v2\/comments?post=640"}],"version-history":[{"count":0,"href":"https:\/\/www.akram.pt\/web\/wp-json\/wp\/v2\/posts\/640\/revisions"}],"wp:featuredmedia":[{"embeddable":true,"href":"https:\/\/www.akram.pt\/web\/wp-json\/wp\/v2\/media\/617"}],"wp:attachment":[{"href":"https:\/\/www.akram.pt\/web\/wp-json\/wp\/v2\/media?parent=640"}],"wp:term":[{"taxonomy":"category","embeddable":true,"href":"https:\/\/www.akram.pt\/web\/wp-json\/wp\/v2\/categories?post=640"},{"taxonomy":"post_tag","embeddable":true,"href":"https:\/\/www.akram.pt\/web\/wp-json\/wp\/v2\/tags?post=640"}],"curies":[{"name":"wp","href":"https:\/\/api.w.org\/{rel}","templated":true}]}}