{"id":645,"date":"2017-01-30T23:33:37","date_gmt":"2017-01-30T23:33:37","guid":{"rendered":"http:\/\/www.akram.pt\/web\/?p=645"},"modified":"2017-01-30T23:33:37","modified_gmt":"2017-01-30T23:33:37","slug":"karate-modalidade-olimpica-entrevista-rtp-madeira","status":"publish","type":"post","link":"https:\/\/www.akram.pt\/web\/2017\/01\/karate-modalidade-olimpica-entrevista-rtp-madeira\/","title":{"rendered":"Karat\u00e9 Modalidade Ol\u00edmpica &#8211; Entrevista RTP-Madeira"},"content":{"rendered":"<p>No \u00e2mbito da modalidade de Karat\u00e9 a modalidade ol\u00edmpica, o nosso presidente Samuel Ch\u00edcharo foi entrevistado pela RTP-Madeira sobre este assunto.&nbsp;<\/p>\n<p><a href=\"http:\/\/www.rtp.pt\/madeira\/desporto\/karate-marca-presenca-em-toquio-2020-_7751\">Reveja aqui a entrevista dada<\/a>.<\/p>\n","protected":false},"excerpt":{"rendered":"<p>No \u00e2mbito da modalidade de Karat\u00e9 a modalidade ol\u00edmpica, o nosso presidente Samuel Ch\u00edcharo foi entrevistado pela RTP-Madeira sobre este assunto.&nbsp; Reveja aqui a entrevista dada.<\/p>\n","protected":false},"author":2,"featured_media":623,"comment_status":"closed","ping_status":"open","sticky":false,"template":"","format":"standard","meta":{"_crdt_document":"","_jetpack_memberships_contains_paid_content":false,"footnotes":""},"categories":[4],"tags":[],"class_list":["post-645","post","type-post","status-publish","format-standard","has-post-thumbnail","hentry","category-noticias"],"jetpack_featured_media_url":"https:\/\/i0.wp.com\/www.akram.pt\/web\/wp-content\/uploads\/2017\/01\/karate-in-olympics.jpg?fit=960%2C960&ssl=1","jetpack_sharing_enabled":true,"_links":{"self":[{"href":"https:\/\/www.akram.pt\/web\/wp-json\/wp\/v2\/posts\/645","targetHints":{"allow":["GET"]}}],"collection":[{"href":"https:\/\/www.akram.pt\/web\/wp-json\/wp\/v2\/posts"}],"about":[{"href":"https:\/\/www.akram.pt\/web\/wp-json\/wp\/v2\/types\/post"}],"author":[{"embeddable":true,"href":"https:\/\/www.akram.pt\/web\/wp-json\/wp\/v2\/users\/2"}],"replies":[{"embeddable":true,"href":"https:\/\/www.akram.pt\/web\/wp-json\/wp\/v2\/comments?post=645"}],"version-history":[{"count":0,"href":"https:\/\/www.akram.pt\/web\/wp-json\/wp\/v2\/posts\/645\/revisions"}],"wp:featuredmedia":[{"embeddable":true,"href":"https:\/\/www.akram.pt\/web\/wp-json\/wp\/v2\/media\/623"}],"wp:attachment":[{"href":"https:\/\/www.akram.pt\/web\/wp-json\/wp\/v2\/media?parent=645"}],"wp:term":[{"taxonomy":"category","embeddable":true,"href":"https:\/\/www.akram.pt\/web\/wp-json\/wp\/v2\/categories?post=645"},{"taxonomy":"post_tag","embeddable":true,"href":"https:\/\/www.akram.pt\/web\/wp-json\/wp\/v2\/tags?post=645"}],"curies":[{"name":"wp","href":"https:\/\/api.w.org\/{rel}","templated":true}]}}