{"id":680,"date":"2017-03-13T00:04:53","date_gmt":"2017-03-13T00:04:53","guid":{"rendered":"http:\/\/www.akram.pt\/web\/?p=680"},"modified":"2017-03-13T00:04:53","modified_gmt":"2017-03-13T00:04:53","slug":"torneio-internacional-npk-2017","status":"publish","type":"post","link":"https:\/\/www.akram.pt\/web\/2017\/03\/torneio-internacional-npk-2017\/","title":{"rendered":"Torneio Internacional NPK 2017"},"content":{"rendered":"<p>No dia 25 de fevereiro decorreu o Torneio Internacional NPK no pavilh\u00e3o Rosa Mota no Porto. Estiveram presentes, atletas do Clube karat\u00e9 do Cani\u00e7o (CKC), da Associa\u00e7\u00e3o Shotokan Kokusai karat\u00e9 Santo Ant\u00f3nio (ASKKSA), do Clube Naval do Funchal (CNF) e da Associa\u00e7\u00e3o Desportiva de Machico (ADM) em representa\u00e7\u00e3o da Associa\u00e7\u00e3o de Karat\u00e9 da Regi\u00e3o Aut\u00f3noma da Madeira (AKRAM) e da sele\u00e7\u00e3o regional.<\/p>\n<p><a href=\"https:\/\/i0.wp.com\/www.akram.pt\/web\/wp-content\/uploads\/2017\/03\/npk_2017.jpg\" rel=\"lightbox[680]\"><img data-recalc-dims=\"1\" loading=\"lazy\" decoding=\"async\" data-attachment-id=\"681\" data-permalink=\"https:\/\/www.akram.pt\/web\/2017\/03\/torneio-internacional-npk-2017\/npk_2017\/#main\" data-orig-file=\"https:\/\/i0.wp.com\/www.akram.pt\/web\/wp-content\/uploads\/2017\/03\/npk_2017.jpg?fit=2048%2C1536&amp;ssl=1\" data-orig-size=\"2048,1536\" data-comments-opened=\"0\" data-image-meta=\"{&quot;aperture&quot;:&quot;0&quot;,&quot;credit&quot;:&quot;&quot;,&quot;camera&quot;:&quot;&quot;,&quot;caption&quot;:&quot;&quot;,&quot;created_timestamp&quot;:&quot;0&quot;,&quot;copyright&quot;:&quot;&quot;,&quot;focal_length&quot;:&quot;0&quot;,&quot;iso&quot;:&quot;0&quot;,&quot;shutter_speed&quot;:&quot;0&quot;,&quot;title&quot;:&quot;&quot;,&quot;orientation&quot;:&quot;0&quot;}\" data-image-title=\"npk_2017\" data-image-description=\"\" data-image-caption=\"\" data-large-file=\"https:\/\/i0.wp.com\/www.akram.pt\/web\/wp-content\/uploads\/2017\/03\/npk_2017.jpg?fit=1024%2C768&amp;ssl=1\" class=\"aligncenter size-medium wp-image-681\" src=\"https:\/\/i0.wp.com\/www.akram.pt\/web\/wp-content\/uploads\/2017\/03\/npk_2017-300x225.jpg?resize=300%2C225\" alt=\"\" width=\"300\" height=\"225\" srcset=\"https:\/\/i0.wp.com\/www.akram.pt\/web\/wp-content\/uploads\/2017\/03\/npk_2017.jpg?resize=300%2C225&amp;ssl=1 300w, https:\/\/i0.wp.com\/www.akram.pt\/web\/wp-content\/uploads\/2017\/03\/npk_2017.jpg?resize=768%2C576&amp;ssl=1 768w, https:\/\/i0.wp.com\/www.akram.pt\/web\/wp-content\/uploads\/2017\/03\/npk_2017.jpg?resize=1024%2C768&amp;ssl=1 1024w, https:\/\/i0.wp.com\/www.akram.pt\/web\/wp-content\/uploads\/2017\/03\/npk_2017.jpg?resize=380%2C285&amp;ssl=1 380w, https:\/\/i0.wp.com\/www.akram.pt\/web\/wp-content\/uploads\/2017\/03\/npk_2017.jpg?resize=285%2C214&amp;ssl=1 285w, https:\/\/i0.wp.com\/www.akram.pt\/web\/wp-content\/uploads\/2017\/03\/npk_2017.jpg?w=2048&amp;ssl=1 2048w\" sizes=\"auto, (max-width: 300px) 100vw, 300px\" \/><\/a><\/p>\n<p>A prova teve inicio \u00e0s 9h com as provas de kata j\u00fanior, na qual o Jo\u00e3o Casimiro da ASKKSA passou uma eliminat\u00f3ria enquanto o Tiago Freitas e Henrique Ferreira sa\u00edram derrotados na primeira eliminat\u00f3ria.<\/p>\n<p>Nos infantis masculinos foi ganha medalha de bronze pelo Tiago Pestana enquanto o \u00c9ric Pilco classificou-se no 7\u00ba lugar, no mesmo escal\u00e3o o Gon\u00e7alo Coelho perdeu na segunda eliminat\u00f3ria.<\/p>\n<p>Foi arrecadado mais um terceiro lugar pela iniciada feminina Nadja Pilco na prova de kata.<\/p>\n<p>A atleta Clara Vasconcelos no escal\u00e3o juvenis foi afastada da prova na segunda eliminat\u00f3ria.<\/p>\n<p>Nos juvenis M\u00e1t\u00e9 Szepsi e Gon\u00e7alo Pilco disputaram a medalha do terceiro lugar, saindo vitorioso o karateca Mat\u00e9 Szpesi, enquanto o Bernardo Lopes foi eliminado no primeiro encontro, estes competidores estiveram em representa\u00e7\u00e3o da sele\u00e7\u00e3o regional.<\/p>\n<p>Nos cadetes, o Andr\u00e9 Pestana foi afastado da prova na terceira eliminat\u00f3ria sendo o 9\u00ba classificado, ao passo que o Jo\u00e3o Rodrigues n\u00e3o conseguiu ir al\u00e9m da primeira eliminat\u00f3ria.<\/p>\n<p>A vertente kumite, teve inicio com a prova de juvenil masculino com os competidores Bartolomeu Batista que perdeu na primeira eliminat\u00f3ria da repescagem e Dmitry, que perdeu no segundo encontro, no mesmo escal\u00e3o, categoria + 48 kg o Mateus Abreu perdeu na segunda eliminat\u00f3ria, estes competidores representaram a sele\u00e7\u00e3o regional.<\/p>\n<p>O David Moreira no escal\u00e3o de cadetes +63 kg n\u00e3o conseguiu somar pontos que desse acesso \u00e0 segunda eliminat\u00f3ria.<\/p>\n<p>Nos juniores \u2013 67kg o atleta Paulo Sousa e Gon\u00e7alo Barros perderam no segundo sem oportunidade de disputar repescagem.<\/p>\n<p>Em juniores + 67 kg o Ricardo Viveiros alcan\u00e7ou o terceiro lugar, enquanto Teodoro Henriques, na mesma prova n\u00e3o conseguiu chegar passar a primeira eliminat\u00f3ria.<\/p>\n<p>O atleta s\u00e9nior saiu venceu o primeiro encontro, contudo n\u00e3o foi al\u00e9m da segunda eliminat\u00f3ria nunca prova muito forte e com atletas muito experientes.<\/p>\n<p><strong><br \/>\n Kata Infantil Masculino<\/strong><\/p>\n<p><strong>Eric Pilco &#8211; ASKKSA<\/strong><\/p>\n<p>1\u00ba eliminat\u00f3ria &#8211; ganha 4\/1<\/p>\n<p>2\u00ba eliminat\u00f3ria\u00a0&#8211; ganha 4\/1<\/p>\n<p>3\u00ba eliminat\u00f3ria\u00a0&#8211; ganha 4\/1<\/p>\n<p>4\u00aa eliminat\u00f3ria\u00a0&#8211; perde 3\/2<\/p>\n<p>N\u00e3o \u00e9 repescado<\/p>\n<p><strong>Resultado final &#8211; 7\u00ba lugar<\/strong><\/p>\n<p><strong>\u00a0<\/strong><\/p>\n<p><strong>Kata Infantil Masculino <\/strong><\/p>\n<p><strong>Gon\u00e7alo Coelho &#8211; ASKKSA<\/strong><\/p>\n<p>2\u00aa eliminat\u00f3ria \u2013 perde<\/p>\n<p><strong>Resultado final \u2013 16\u00ba lugar<\/strong><\/p>\n<p><strong>\u00a0<\/strong><\/p>\n<p><strong>Kata Infantil Masculino <\/strong><\/p>\n<p><strong>Tiago Pestana &#8211; CKC<\/strong><\/p>\n<p>1\u00aa eliminat\u00f3ria \u2013 perde 5-0<\/p>\n<p>Repescagem<\/p>\n<p>1\u00aa eliminat\u00f3ria \u2013 vence 3-2<\/p>\n<p>1\u00aa eliminat\u00f3ria \u2013 vence 4-1<\/p>\n<p>1\u00aa eliminat\u00f3ria \u2013 vence 3-2<\/p>\n<p><strong>Resultado final \u2013 3\u00balugar <\/strong><\/p>\n<p><strong>\u00a0<\/strong><\/p>\n<p><strong>Kata Iniciado Feminino <\/strong><\/p>\n<p><strong>Nadja Pilco &#8211; ASKKSA<\/strong><\/p>\n<p>1\u00ba eliminat\u00f3ria &#8211; passa por bye<\/p>\n<p>2\u00ba eliminat\u00f3ria\u00a0&#8211; ganha 3\/2<\/p>\n<p>3\u00ba eliminat\u00f3ria\u00a0&#8211; ganha 3\/2<\/p>\n<p>4\u00aa eliminat\u00f3ria\u00a0&#8211; perde 3\/2<\/p>\n<p>Repescagem 3\u00ba lugar &#8211; ganha 5-0<\/p>\n<p><strong>Resultado final &#8211; 3\u00ba lugar<\/strong><\/p>\n<p>&nbsp;<\/p>\n<p><strong>Kata Juvenil Feminino <\/strong><\/p>\n<p><strong>Clara Vasconcelos &#8211; ASKKSA<\/strong><\/p>\n<p>1\u00ba eliminat\u00f3ria &#8211; ganha 5\/0<\/p>\n<p>2\u00ba eliminat\u00f3ria &#8211; perde 3\/2<\/p>\n<p>N\u00e3o repescada<\/p>\n<p><strong>Resultado final &#8211; 19\u00ba Lugar<\/strong><\/p>\n<p>&nbsp;<\/p>\n<p><strong>Kata Juvenil Masculino <\/strong><\/p>\n<p><strong>M\u00e1t\u00e9 Szepsi &#8211; CKC<\/strong><\/p>\n<p>1\u00aa eliminat\u00f3ria \u2013 perde 3-2<\/p>\n<p>Repescagem<\/p>\n<p>1\u00aa eliminat\u00f3ria &#8211; ganha 3-2<\/p>\n<p>2\u00aa eliminat\u00f3ria &#8211; ganha 3-2<\/p>\n<p>3\u00aa eliminat\u00f3ria &#8211; ganha 5-0<\/p>\n<p><strong>Resultado final &#8211; 3\u00ba lugar<\/strong><\/p>\n<p>&nbsp;<\/p>\n<p><strong>Kata Juvenil Masculino <\/strong><\/p>\n<p><strong>Gon\u00e7alo Pilco &#8211; ASKKSA<\/strong><\/p>\n<p>1\u00aa Eliminat\u00f3ria &#8211; ganha 3\/2<\/p>\n<p>2\u00ba eliminat\u00f3ria\u00a0&#8211; ganha 3\/2<\/p>\n<p>3\u00ba eliminat\u00f3ria\u00a0&#8211; ganha 5\/0<\/p>\n<p>4\u00aa eliminat\u00f3ria\u00a0&#8211; perde 5\/0<\/p>\n<p>Repescagem para o 3\u00ba lugar &#8211; perde 5\/0<\/p>\n<p><strong>Resultado final &#8211; 5\u00ba Lugar<\/strong><\/p>\n<p>&nbsp;<\/p>\n<p><strong>Kata Juvenil Masculino <\/strong><\/p>\n<p><strong>Bernardo Lopes &#8211; ASKKSA<\/strong><\/p>\n<p>1\u00aa Eliminat\u00f3ria &#8211; perde 3\/2<\/p>\n<p><strong>N\u00e3o \u00e9 repescado<\/strong><\/p>\n<p><strong>Resultado Final \u2013 26\u00ba lugar<\/strong><\/p>\n<p><strong>\u00a0<\/strong><\/p>\n<p><strong>Kata Cadete Masculino<\/strong><\/p>\n<p><strong>Jo\u00e3o Rodrigues &#8211; ASKKSA<\/strong><\/p>\n<p>1\u00aa Eliminat\u00f3ria &#8211; perde 4\/1<\/p>\n<p>N\u00e3o \u00e9 repescado<\/p>\n<p><strong>Resultado Final &#8211; 23\u00ba Lugar<\/strong><\/p>\n<p>&nbsp;<\/p>\n<p><strong>Kata Cadetes Masculino<\/strong><\/p>\n<p><strong>Andr\u00e9 Pestana &#8211; ASKKSA<\/strong><\/p>\n<p>1\u00aa Eliminat\u00f3ria &#8211; passa por n\u00e3o compar\u00eancia do advers\u00e1rio<\/p>\n<p>2\u00ba eliminat\u00f3ria &#8211; ganha 5\/0<\/p>\n<p>3\u00aa eliminat\u00f3ria &#8211; perde 5\/0<\/p>\n<p>N\u00e3o \u00e9 repescado &#8211;<\/p>\n<p><strong>Resultado final &#8211; 9\u00ba Lugar<\/strong><\/p>\n<p><strong>\u00a0<\/strong><\/p>\n<p><strong>Kata J\u00fanior Masculino<\/strong><\/p>\n<p><strong>Henrique Ferreira &#8211; CKC<\/strong><\/p>\n<p>1\u00aa eliminat\u00f3ria &#8211; perde 3-2;<\/p>\n<p><strong>Resultado final &#8211; 42\u00ba lugar<\/strong><\/p>\n<p>&nbsp;<\/p>\n<p><strong>Kata J\u00fanior Masculino (1 pool)<\/strong><\/p>\n<p><strong>Jo\u00e3o Casimiro\u00a0&#8211; ASKKSA<\/strong><\/p>\n<p>1\u00aa Eliminat\u00f3ria &#8211; perde 4\/1<\/p>\n<p>N\u00e3o repescado<\/p>\n<p><strong>Resultado final &#8211; 42\u00ba lugar<\/strong><\/p>\n<p><strong>\u00a0<\/strong><\/p>\n<p><strong>Kata Sub 21 Masculino<\/strong><\/p>\n<p><strong>Tiago Freitas \u2013 ASKKSA<\/strong><\/p>\n<p>1\u00aa eliminat\u00f3ria &#8211; perde 3-2<\/p>\n<p><strong>Resultado final &#8211; 42\u00ba lugar<\/strong><\/p>\n<p>&nbsp;<\/p>\n<p><strong>Kumite Iniciado Masculino -48kg<\/strong><\/p>\n<p><strong>Bartolomeu Batista \u2013 CKC<\/strong><\/p>\n<p>1\u00aa eliminat\u00f3ria &#8211; bye;<\/p>\n<p>2\u00aa eliminat\u00f3ria &#8211; perde 0-1;<\/p>\n<p>Repescagem<\/p>\n<p>1\u00aa eliminat\u00f3ria &#8211; perde 3-0;<\/p>\n<p><strong>Resultado final \u2013 16\u00ba lugar<\/strong><\/p>\n<p><strong>\u00a0<\/strong><\/p>\n<p><strong>Kumite Juvenil Masculino \u2013 48 kg <\/strong><\/p>\n<p><strong>Dimitry Guillen &#8211; CKC<\/strong><\/p>\n<p>2\u00aa eliminat\u00f3ria &#8211; perde 2-0;<\/p>\n<p>N\u00e3o \u00e9 repescado<\/p>\n<p><strong>Resultado final &#8211; 16\u00ba lugar<\/strong><\/p>\n<p><strong>\u00a0<\/strong><\/p>\n<p><strong>Kumite Juvenil Masculino + 48 kg <\/strong><\/p>\n<p><strong>Mateus Abreu &#8211; CKC<\/strong><\/p>\n<p>1\u00aa eliminat\u00f3ria &#8211; ganha bye;<\/p>\n<p>2\u00aa eliminat\u00f3ria &#8211; perde 4-0;<\/p>\n<p><strong>Resultado final &#8211; 20\u00ba lugar<\/strong><\/p>\n<p>&nbsp;<\/p>\n<p><strong>Kumite Cadetes Masculino +61 kg <\/strong><\/p>\n<p><strong>David Moreira &#8211; CKC\u00a0<\/strong><\/p>\n<p>1\u00aa eliminat\u00f3ria &#8211; perde 7-0;<\/p>\n<p><strong>Resultado final &#8211; 20\u00ba lugar<\/strong><\/p>\n<p>&nbsp;<\/p>\n<p><strong>Kumite J\u00fanior Masculino \u2013 67 kg<\/strong><\/p>\n<p><strong>Paulo Sousa \u2013\u00a0CKC<\/strong><\/p>\n<p>1\u00aa eliminat\u00f3ria &#8211; ganha bye;<\/p>\n<p>2\u00aa eliminat\u00f3ria \u2013 perde 7-0;<\/p>\n<p>N\u00e3o \u00e9 repescado<\/p>\n<p><strong>Resultado final &#8211; 14\u00ba lugar <\/strong><\/p>\n<p><strong>\u00a0<\/strong><\/p>\n<p><strong>Kumite J\u00fanior Masculino \u2013 67 kg <\/strong><\/p>\n<p><strong>Francisco Barros\u00a0&#8211; CNF<\/strong><\/p>\n<p>1\u00aa eliminat\u00f3ria \u2013 bye;<\/p>\n<p>2\u00aa eliminat\u00f3ria \u2013 perde 3-2;<\/p>\n<p>N\u00e3o \u00e9 repescado<\/p>\n<p><strong>Resultado final &#8211; 16\u00ba lugar <\/strong><\/p>\n<p>&nbsp;<\/p>\n<p><strong>Kumite J\u00fanior Masculino + 67 kg<\/strong><\/p>\n<p><strong>Ricardo Viveiros CKC<\/strong><\/p>\n<p>1\u00aa eliminat\u00f3ria \u2013 ganha bye;<\/p>\n<p>2\u00aa eliminat\u00f3ria &#8211; perde 3-2 hantei;<\/p>\n<p>repescagem<\/p>\n<p>1\u00aa eliminat\u00f3ria &#8211; ganha &#8211; 2-0;<\/p>\n<p>2\u00aa eliminat\u00f3ria \u2013 ganha 3-0;<\/p>\n<p>3\u00aa eliminat\u00f3ria \u2013 ganha 3-2 Vit\u00f3ria por hantei;<\/p>\n<p><strong>Resultado final &#8211; 3\u00ba lugar<\/strong><\/p>\n<p><strong>\u00a0<\/strong><\/p>\n<p><strong>Kumite J\u00fanior Masculino + 67 kg<\/strong><\/p>\n<p><strong>Teodoro Henriques CNF<\/strong><\/p>\n<p>1\u00aa eliminat\u00f3ria \u2013 ganha 3-2;<\/p>\n<p><strong>Resultado final &#8211; 20\u00ba lugar<\/strong><\/p>\n<p><strong>\u00a0<\/strong><\/p>\n<p><strong>Kumite S\u00e9nior Masculino &#8211; 75 kg<\/strong><\/p>\n<p><strong>Jo\u00e3o Silva &#8211; ADM<\/strong><\/p>\n<p>1\u00aa eliminat\u00f3ria \u2013 ganha 0-1;<\/p>\n<p>2\u00aa eliminat\u00f3ria \u2013 perde 1-1;<\/p>\n<p><strong>Resultado final &#8211; 20\u00ba lugar<\/strong><\/p>\n<p>&nbsp;<\/p>\n","protected":false},"excerpt":{"rendered":"<p>No dia 25 de fevereiro decorreu o Torneio Internacional NPK no pavilh\u00e3o Rosa Mota no Porto. Estiveram presentes, atletas do Clube karat\u00e9 do Cani\u00e7o (CKC), da Associa\u00e7\u00e3o Shotokan Kokusai karat\u00e9 Santo Ant\u00f3nio (ASKKSA), do Clube Naval do Funchal (CNF) e da Associa\u00e7\u00e3o Desportiva de Machico (ADM) em representa\u00e7\u00e3o da Associa\u00e7\u00e3o de Karat\u00e9 da Regi\u00e3o Aut\u00f3noma<\/p>\n<p class=\"more-link\"><a href=\"https:\/\/www.akram.pt\/web\/2017\/03\/torneio-internacional-npk-2017\/\" class=\"themebutton\">Read More<\/a><\/p>\n","protected":false},"author":2,"featured_media":681,"comment_status":"closed","ping_status":"open","sticky":false,"template":"","format":"standard","meta":{"_crdt_document":"","_jetpack_memberships_contains_paid_content":false,"footnotes":""},"categories":[4,5],"tags":[],"class_list":["post-680","post","type-post","status-publish","format-standard","has-post-thumbnail","hentry","category-noticias","category-resultados"],"jetpack_featured_media_url":"https:\/\/i0.wp.com\/www.akram.pt\/web\/wp-content\/uploads\/2017\/03\/npk_2017.jpg?fit=2048%2C1536&ssl=1","jetpack_sharing_enabled":true,"_links":{"self":[{"href":"https:\/\/www.akram.pt\/web\/wp-json\/wp\/v2\/posts\/680","targetHints":{"allow":["GET"]}}],"collection":[{"href":"https:\/\/www.akram.pt\/web\/wp-json\/wp\/v2\/posts"}],"about":[{"href":"https:\/\/www.akram.pt\/web\/wp-json\/wp\/v2\/types\/post"}],"author":[{"embeddable":true,"href":"https:\/\/www.akram.pt\/web\/wp-json\/wp\/v2\/users\/2"}],"replies":[{"embeddable":true,"href":"https:\/\/www.akram.pt\/web\/wp-json\/wp\/v2\/comments?post=680"}],"version-history":[{"count":0,"href":"https:\/\/www.akram.pt\/web\/wp-json\/wp\/v2\/posts\/680\/revisions"}],"wp:featuredmedia":[{"embeddable":true,"href":"https:\/\/www.akram.pt\/web\/wp-json\/wp\/v2\/media\/681"}],"wp:attachment":[{"href":"https:\/\/www.akram.pt\/web\/wp-json\/wp\/v2\/media?parent=680"}],"wp:term":[{"taxonomy":"category","embeddable":true,"href":"https:\/\/www.akram.pt\/web\/wp-json\/wp\/v2\/categories?post=680"},{"taxonomy":"post_tag","embeddable":true,"href":"https:\/\/www.akram.pt\/web\/wp-json\/wp\/v2\/tags?post=680"}],"curies":[{"name":"wp","href":"https:\/\/api.w.org\/{rel}","templated":true}]}}