{"id":912,"date":"2017-12-12T23:29:22","date_gmt":"2017-12-12T23:29:22","guid":{"rendered":"http:\/\/www.akram.pt\/web\/?p=912"},"modified":"2017-12-13T00:12:41","modified_gmt":"2017-12-13T00:12:41","slug":"campeonato-nacional-cadetes-juniores-e-sub-21","status":"publish","type":"post","link":"https:\/\/www.akram.pt\/web\/2017\/12\/campeonato-nacional-cadetes-juniores-e-sub-21\/","title":{"rendered":"Campeonato Nacional Cadetes, Juniores e Sub 21"},"content":{"rendered":"<p>No passado fim de semana, dia 9 e 10 decorreu o campeonato nacional de cadetes, juniores e sub 21 de karat\u00e9 no Pavilh\u00e3o Municipal Moreira da Maia. Este campeonato contou c<a href=\"https:\/\/i0.wp.com\/www.akram.pt\/web\/wp-content\/uploads\/2017\/12\/podio_nacional_2017_juv_kata_masc.jpg\" rel=\"lightbox[912]\"><img data-recalc-dims=\"1\" loading=\"lazy\" decoding=\"async\" data-attachment-id=\"913\" data-permalink=\"https:\/\/www.akram.pt\/web\/2017\/12\/campeonato-nacional-cadetes-juniores-e-sub-21\/podio_nacional_2017_juv_kata_masc\/#main\" data-orig-file=\"https:\/\/i0.wp.com\/www.akram.pt\/web\/wp-content\/uploads\/2017\/12\/podio_nacional_2017_juv_kata_masc.jpg?fit=960%2C720&amp;ssl=1\" data-orig-size=\"960,720\" data-comments-opened=\"0\" data-image-meta=\"{&quot;aperture&quot;:&quot;0&quot;,&quot;credit&quot;:&quot;&quot;,&quot;camera&quot;:&quot;&quot;,&quot;caption&quot;:&quot;&quot;,&quot;created_timestamp&quot;:&quot;0&quot;,&quot;copyright&quot;:&quot;&quot;,&quot;focal_length&quot;:&quot;0&quot;,&quot;iso&quot;:&quot;0&quot;,&quot;shutter_speed&quot;:&quot;0&quot;,&quot;title&quot;:&quot;&quot;,&quot;orientation&quot;:&quot;0&quot;}\" data-image-title=\"podio_nacional_2017_juv_kata_masc\" data-image-description=\"\" data-image-caption=\"\" data-large-file=\"https:\/\/i0.wp.com\/www.akram.pt\/web\/wp-content\/uploads\/2017\/12\/podio_nacional_2017_juv_kata_masc.jpg?fit=960%2C720&amp;ssl=1\" class=\"aligncenter size-medium wp-image-913\" src=\"https:\/\/i0.wp.com\/www.akram.pt\/web\/wp-content\/uploads\/2017\/12\/podio_nacional_2017_juv_kata_masc-300x225.jpg?resize=300%2C225\" alt=\"\" width=\"300\" height=\"225\" srcset=\"https:\/\/i0.wp.com\/www.akram.pt\/web\/wp-content\/uploads\/2017\/12\/podio_nacional_2017_juv_kata_masc.jpg?resize=300%2C225&amp;ssl=1 300w, https:\/\/i0.wp.com\/www.akram.pt\/web\/wp-content\/uploads\/2017\/12\/podio_nacional_2017_juv_kata_masc.jpg?resize=768%2C576&amp;ssl=1 768w, https:\/\/i0.wp.com\/www.akram.pt\/web\/wp-content\/uploads\/2017\/12\/podio_nacional_2017_juv_kata_masc.jpg?resize=380%2C285&amp;ssl=1 380w, https:\/\/i0.wp.com\/www.akram.pt\/web\/wp-content\/uploads\/2017\/12\/podio_nacional_2017_juv_kata_masc.jpg?resize=285%2C214&amp;ssl=1 285w, https:\/\/i0.wp.com\/www.akram.pt\/web\/wp-content\/uploads\/2017\/12\/podio_nacional_2017_juv_kata_masc.jpg?w=960&amp;ssl=1 960w\" sizes=\"auto, (max-width: 300px) 100vw, 300px\" \/><\/a>om a presen\u00e7a dos karatecas do Clube Desportivo da Escola B\u00e1sica e Secund\u00e1ria de Santa Cruz, do Clube karat\u00e9 do Cani\u00e7o e da Associa\u00e7\u00e3o Shotokan Kokusai Karate Santo Ant\u00f3nio.<\/p>\n<p>O campeonato teve inicio com as provas de kata cadetes na qual participaram os atletas da ASKKSA Joana Rodrigues, Clara Vasconcelos, Nuno Fernandes e Jo\u00e3o Rodrigues sendo este o que obteve melhor resultado ficando em 7\u00ba lugar, no mesmo escal\u00e3o o M\u00e1t\u00e9 Szepsi do CKC perdeu na 4 eliminat\u00f3ria.<\/p>\n<p>&nbsp;<\/p>\n<p>O grande destaque vai para os J\u00faniores, Jo\u00e3o Casimiro ASKKSA e Henrique Ferreira CKC que conquistaram o p\u00f3dio ficando em primeiro e terceiro lugar respetivamente. Ainda neste escal\u00e3o o Andr\u00e9 Pestana da ASKKSA ficou em 9\u00ba classificado. No feminino, a Mariana Rodrigues do CKC ap\u00f3s ter sido derrotada na segunda eliminat\u00f3ria n\u00e3o foi repescada ficando assim em 15\u00ba lugar.<\/p>\n<p>Na prova de kumite, os cadetes David Moreira e Mateus Abreu do CKC n\u00e3o conseguiram acesso a repescagem ap\u00f3s terem sido eliminados na 2\u00aa volta e semi-final da pool respetivamente.<\/p>\n<p>O CDEBSSC representado, no escal\u00e3o sub 21, pelo Daniel Ferreira em -75kg e pela Maria Carvalho em -55kg classificaram-se em 8\u00ba e 5\u00ba lugar respetivamente.<\/p>\n<p>A acompanhar a comitiva foram os treinadores do CKC Liliana F\u00e9lix e Eduardo Martins, da ASKKSA Rafael Jardim e do CDEBBSC Miguel Vieira.<\/p>\n","protected":false},"excerpt":{"rendered":"<p>No passado fim de semana, dia 9 e 10 decorreu o campeonato nacional de cadetes, juniores e sub 21 de karat\u00e9 no Pavilh\u00e3o Municipal Moreira da Maia. Este campeonato contou com a presen\u00e7a dos karatecas do Clube Desportivo da Escola B\u00e1sica e Secund\u00e1ria de Santa Cruz, do Clube karat\u00e9 do Cani\u00e7o e da Associa\u00e7\u00e3o Shotokan<\/p>\n<p class=\"more-link\"><a href=\"https:\/\/www.akram.pt\/web\/2017\/12\/campeonato-nacional-cadetes-juniores-e-sub-21\/\" class=\"themebutton\">Read More<\/a><\/p>\n","protected":false},"author":2,"featured_media":915,"comment_status":"closed","ping_status":"open","sticky":false,"template":"","format":"standard","meta":{"_crdt_document":"","_jetpack_memberships_contains_paid_content":false,"footnotes":""},"categories":[4,5],"tags":[],"class_list":["post-912","post","type-post","status-publish","format-standard","has-post-thumbnail","hentry","category-noticias","category-resultados"],"jetpack_featured_media_url":"https:\/\/i0.wp.com\/www.akram.pt\/web\/wp-content\/uploads\/2017\/12\/comitiva_camp_nacional_2017_cad_jun_sub21.jpeg?fit=1024%2C768&ssl=1","jetpack_sharing_enabled":true,"_links":{"self":[{"href":"https:\/\/www.akram.pt\/web\/wp-json\/wp\/v2\/posts\/912","targetHints":{"allow":["GET"]}}],"collection":[{"href":"https:\/\/www.akram.pt\/web\/wp-json\/wp\/v2\/posts"}],"about":[{"href":"https:\/\/www.akram.pt\/web\/wp-json\/wp\/v2\/types\/post"}],"author":[{"embeddable":true,"href":"https:\/\/www.akram.pt\/web\/wp-json\/wp\/v2\/users\/2"}],"replies":[{"embeddable":true,"href":"https:\/\/www.akram.pt\/web\/wp-json\/wp\/v2\/comments?post=912"}],"version-history":[{"count":0,"href":"https:\/\/www.akram.pt\/web\/wp-json\/wp\/v2\/posts\/912\/revisions"}],"wp:featuredmedia":[{"embeddable":true,"href":"https:\/\/www.akram.pt\/web\/wp-json\/wp\/v2\/media\/915"}],"wp:attachment":[{"href":"https:\/\/www.akram.pt\/web\/wp-json\/wp\/v2\/media?parent=912"}],"wp:term":[{"taxonomy":"category","embeddable":true,"href":"https:\/\/www.akram.pt\/web\/wp-json\/wp\/v2\/categories?post=912"},{"taxonomy":"post_tag","embeddable":true,"href":"https:\/\/www.akram.pt\/web\/wp-json\/wp\/v2\/tags?post=912"}],"curies":[{"name":"wp","href":"https:\/\/api.w.org\/{rel}","templated":true}]}}