{"id":926,"date":"2018-01-02T22:38:47","date_gmt":"2018-01-02T22:38:47","guid":{"rendered":"http:\/\/www.akram.pt\/web\/?p=926"},"modified":"2018-01-02T22:38:47","modified_gmt":"2018-01-02T22:38:47","slug":"5o-open-de-juvenis-4o-open-de-iniciados-4o-open-de-equipas-prova-regular-2o-open-de-infantis-2017-18","status":"publish","type":"post","link":"https:\/\/www.akram.pt\/web\/2018\/01\/5o-open-de-juvenis-4o-open-de-iniciados-4o-open-de-equipas-prova-regular-2o-open-de-infantis-2017-18\/","title":{"rendered":"5\u00ba Open de Juvenis | 4\u00ba Open de Iniciados | 4\u00ba Open de Equipas &#8211; Prova Regular | 2\u00ba Open de Infantis &#8211; 2017\/18"},"content":{"rendered":"<p style=\"font-weight: 400;\">A AKRAM vem por este meio divulgar os hor\u00e1rios e cartaz:<\/p>\n<p style=\"font-weight: 400;\"><a href=\"https:\/\/i0.wp.com\/www.akram.pt\/web\/wp-content\/uploads\/2018\/01\/CartazTM_OpensMadeira_-_Kata_Kumite_Equipas_06Jan18.jpg\" rel=\"lightbox[926]\"><img data-recalc-dims=\"1\" loading=\"lazy\" decoding=\"async\" data-attachment-id=\"927\" data-permalink=\"https:\/\/www.akram.pt\/web\/2018\/01\/5o-open-de-juvenis-4o-open-de-iniciados-4o-open-de-equipas-prova-regular-2o-open-de-infantis-2017-18\/cartaztm_opensmadeira_-_kata_kumite_equipas_06jan18\/#main\" data-orig-file=\"https:\/\/i0.wp.com\/www.akram.pt\/web\/wp-content\/uploads\/2018\/01\/CartazTM_OpensMadeira_-_Kata_Kumite_Equipas_06Jan18.jpg?fit=2000%2C2828&amp;ssl=1\" data-orig-size=\"2000,2828\" data-comments-opened=\"0\" data-image-meta=\"{&quot;aperture&quot;:&quot;0&quot;,&quot;credit&quot;:&quot;&quot;,&quot;camera&quot;:&quot;&quot;,&quot;caption&quot;:&quot;&quot;,&quot;created_timestamp&quot;:&quot;1444827756&quot;,&quot;copyright&quot;:&quot;&quot;,&quot;focal_length&quot;:&quot;0&quot;,&quot;iso&quot;:&quot;0&quot;,&quot;shutter_speed&quot;:&quot;0&quot;,&quot;title&quot;:&quot;&quot;,&quot;orientation&quot;:&quot;1&quot;}\" data-image-title=\"CartazTM_OpensMadeira_-_Kata_Kumite_Equipas_06Jan18\" data-image-description=\"\" data-image-caption=\"\" data-large-file=\"https:\/\/i0.wp.com\/www.akram.pt\/web\/wp-content\/uploads\/2018\/01\/CartazTM_OpensMadeira_-_Kata_Kumite_Equipas_06Jan18.jpg?fit=724%2C1024&amp;ssl=1\" class=\"aligncenter size-medium wp-image-927\" src=\"https:\/\/i0.wp.com\/www.akram.pt\/web\/wp-content\/uploads\/2018\/01\/CartazTM_OpensMadeira_-_Kata_Kumite_Equipas_06Jan18-212x300.jpg?resize=212%2C300\" alt=\"\" width=\"212\" height=\"300\" srcset=\"https:\/\/i0.wp.com\/www.akram.pt\/web\/wp-content\/uploads\/2018\/01\/CartazTM_OpensMadeira_-_Kata_Kumite_Equipas_06Jan18.jpg?resize=212%2C300&amp;ssl=1 212w, https:\/\/i0.wp.com\/www.akram.pt\/web\/wp-content\/uploads\/2018\/01\/CartazTM_OpensMadeira_-_Kata_Kumite_Equipas_06Jan18.jpg?resize=768%2C1086&amp;ssl=1 768w, https:\/\/i0.wp.com\/www.akram.pt\/web\/wp-content\/uploads\/2018\/01\/CartazTM_OpensMadeira_-_Kata_Kumite_Equipas_06Jan18.jpg?resize=724%2C1024&amp;ssl=1 724w, https:\/\/i0.wp.com\/www.akram.pt\/web\/wp-content\/uploads\/2018\/01\/CartazTM_OpensMadeira_-_Kata_Kumite_Equipas_06Jan18.jpg?w=2000&amp;ssl=1 2000w\" sizes=\"auto, (max-width: 212px) 100vw, 212px\" \/><\/a><\/p>\n<p><strong>5\u00ba Open Madeira de\u00a0Juvenis\u00a0&#8211; 2017\/18<\/strong><br \/>\n<strong>4\u00ba Open Madeira de\u00a0Iniciados\u00a0&#8211; 2017\/18<br \/>\n4\u00ba Open Madeira Equipas &#8211; Infantis \/ Iniciados \/ Juvenis\u00a0 &#8211; Prova Regular &#8211; 2017\/18<br \/>\n<\/strong><strong>2\u00ba Open Madeira de\u00a0Infantis\u00a0&#8211; 2017\/18<\/strong><strong><\/p>\n<p><\/strong>Data da Prova:\u00a0<strong>06-01-2018<\/strong><br \/>\nTurnos:\u00a0<strong>Manh\u00e3 e Tarde<\/strong><br \/>\nLocal da Prova:\u00a0<strong>Pavilh\u00e3o do Cani\u00e7o<\/strong><\/p>\n<p style=\"font-weight: 400;\">Hor\u00e1rios Espec\u00edficos:\u00a0<\/p>\n<p><a href=\"https:\/\/i0.wp.com\/www.akram.pt\/web\/wp-content\/uploads\/2018\/01\/HP_OpenMadeira_Kata_Kumite_Equipas_06Jan18.jpg\" rel=\"lightbox[926]\"><img data-recalc-dims=\"1\" loading=\"lazy\" decoding=\"async\" data-attachment-id=\"928\" data-permalink=\"https:\/\/www.akram.pt\/web\/2018\/01\/5o-open-de-juvenis-4o-open-de-iniciados-4o-open-de-equipas-prova-regular-2o-open-de-infantis-2017-18\/hp_openmadeira_kata_kumite_equipas_06jan18\/#main\" data-orig-file=\"https:\/\/i0.wp.com\/www.akram.pt\/web\/wp-content\/uploads\/2018\/01\/HP_OpenMadeira_Kata_Kumite_Equipas_06Jan18.jpg?fit=990%2C1400&amp;ssl=1\" data-orig-size=\"990,1400\" data-comments-opened=\"0\" data-image-meta=\"{&quot;aperture&quot;:&quot;0&quot;,&quot;credit&quot;:&quot;&quot;,&quot;camera&quot;:&quot;&quot;,&quot;caption&quot;:&quot;&quot;,&quot;created_timestamp&quot;:&quot;1508155945&quot;,&quot;copyright&quot;:&quot;&quot;,&quot;focal_length&quot;:&quot;0&quot;,&quot;iso&quot;:&quot;0&quot;,&quot;shutter_speed&quot;:&quot;0&quot;,&quot;title&quot;:&quot;&quot;,&quot;orientation&quot;:&quot;1&quot;}\" data-image-title=\"HP_OpenMadeira_Kata_Kumite_Equipas_06Jan18\" data-image-description=\"\" data-image-caption=\"\" data-large-file=\"https:\/\/i0.wp.com\/www.akram.pt\/web\/wp-content\/uploads\/2018\/01\/HP_OpenMadeira_Kata_Kumite_Equipas_06Jan18.jpg?fit=724%2C1024&amp;ssl=1\" class=\"aligncenter size-medium wp-image-928\" src=\"https:\/\/i0.wp.com\/www.akram.pt\/web\/wp-content\/uploads\/2018\/01\/HP_OpenMadeira_Kata_Kumite_Equipas_06Jan18-212x300.jpg?resize=212%2C300\" alt=\"\" width=\"212\" height=\"300\" srcset=\"https:\/\/i0.wp.com\/www.akram.pt\/web\/wp-content\/uploads\/2018\/01\/HP_OpenMadeira_Kata_Kumite_Equipas_06Jan18.jpg?resize=212%2C300&amp;ssl=1 212w, https:\/\/i0.wp.com\/www.akram.pt\/web\/wp-content\/uploads\/2018\/01\/HP_OpenMadeira_Kata_Kumite_Equipas_06Jan18.jpg?resize=768%2C1086&amp;ssl=1 768w, https:\/\/i0.wp.com\/www.akram.pt\/web\/wp-content\/uploads\/2018\/01\/HP_OpenMadeira_Kata_Kumite_Equipas_06Jan18.jpg?resize=724%2C1024&amp;ssl=1 724w, https:\/\/i0.wp.com\/www.akram.pt\/web\/wp-content\/uploads\/2018\/01\/HP_OpenMadeira_Kata_Kumite_Equipas_06Jan18.jpg?w=990&amp;ssl=1 990w\" sizes=\"auto, (max-width: 212px) 100vw, 212px\" \/><\/a><\/p>\n<p style=\"font-weight: 400;\">\nO Departamento de Competi\u00e7\u00e3o deseja a todos uma boa prova.<\/p>\n<p style=\"font-weight: 400;\">Votos de um Feliz Ano Novo!!!<\/p>\n","protected":false},"excerpt":{"rendered":"<p>A AKRAM vem por este meio divulgar os hor\u00e1rios e cartaz: 5\u00ba Open Madeira de\u00a0Juvenis\u00a0&#8211; 2017\/18 4\u00ba Open Madeira de\u00a0Iniciados\u00a0&#8211; 2017\/18 4\u00ba Open Madeira Equipas &#8211; Infantis \/ Iniciados \/ Juvenis\u00a0 &#8211; Prova Regular &#8211; 2017\/18 2\u00ba Open Madeira de\u00a0Infantis\u00a0&#8211; 2017\/18 Data da Prova:\u00a006-01-2018 Turnos:\u00a0Manh\u00e3 e Tarde Local da Prova:\u00a0Pavilh\u00e3o do Cani\u00e7o Hor\u00e1rios Espec\u00edficos:\u00a0 O<\/p>\n<p class=\"more-link\"><a href=\"https:\/\/www.akram.pt\/web\/2018\/01\/5o-open-de-juvenis-4o-open-de-iniciados-4o-open-de-equipas-prova-regular-2o-open-de-infantis-2017-18\/\" class=\"themebutton\">Read More<\/a><\/p>\n","protected":false},"author":2,"featured_media":927,"comment_status":"closed","ping_status":"open","sticky":false,"template":"","format":"standard","meta":{"_crdt_document":"","_jetpack_memberships_contains_paid_content":false,"footnotes":""},"categories":[4,9],"tags":[],"class_list":["post-926","post","type-post","status-publish","format-standard","has-post-thumbnail","hentry","category-noticias","category-provas"],"jetpack_featured_media_url":"https:\/\/i0.wp.com\/www.akram.pt\/web\/wp-content\/uploads\/2018\/01\/CartazTM_OpensMadeira_-_Kata_Kumite_Equipas_06Jan18.jpg?fit=2000%2C2828&ssl=1","jetpack_sharing_enabled":true,"_links":{"self":[{"href":"https:\/\/www.akram.pt\/web\/wp-json\/wp\/v2\/posts\/926","targetHints":{"allow":["GET"]}}],"collection":[{"href":"https:\/\/www.akram.pt\/web\/wp-json\/wp\/v2\/posts"}],"about":[{"href":"https:\/\/www.akram.pt\/web\/wp-json\/wp\/v2\/types\/post"}],"author":[{"embeddable":true,"href":"https:\/\/www.akram.pt\/web\/wp-json\/wp\/v2\/users\/2"}],"replies":[{"embeddable":true,"href":"https:\/\/www.akram.pt\/web\/wp-json\/wp\/v2\/comments?post=926"}],"version-history":[{"count":0,"href":"https:\/\/www.akram.pt\/web\/wp-json\/wp\/v2\/posts\/926\/revisions"}],"wp:featuredmedia":[{"embeddable":true,"href":"https:\/\/www.akram.pt\/web\/wp-json\/wp\/v2\/media\/927"}],"wp:attachment":[{"href":"https:\/\/www.akram.pt\/web\/wp-json\/wp\/v2\/media?parent=926"}],"wp:term":[{"taxonomy":"category","embeddable":true,"href":"https:\/\/www.akram.pt\/web\/wp-json\/wp\/v2\/categories?post=926"},{"taxonomy":"post_tag","embeddable":true,"href":"https:\/\/www.akram.pt\/web\/wp-json\/wp\/v2\/tags?post=926"}],"curies":[{"name":"wp","href":"https:\/\/api.w.org\/{rel}","templated":true}]}}