{"id":969,"date":"2018-02-26T22:40:06","date_gmt":"2018-02-26T22:40:06","guid":{"rendered":"http:\/\/www.akram.pt\/web\/?p=969"},"modified":"2018-02-26T23:48:29","modified_gmt":"2018-02-26T23:48:29","slug":"resultados-campeonato-nacional-fase-regional-madeira-infantis-iniciados-e-juvenis-2018","status":"publish","type":"post","link":"https:\/\/www.akram.pt\/web\/2018\/02\/resultados-campeonato-nacional-fase-regional-madeira-infantis-iniciados-e-juvenis-2018\/","title":{"rendered":"Resultados Campeonato Nacional \u2013 Fase Regional Madeira &#8211; Infantis, Iniciados e Juvenis &#8211; 2018"},"content":{"rendered":"<p>No passado dia 24 de Fevereiro de 2018 realizou-se no pavilh\u00e3o do Cani\u00e7o, a Fase Regional Madeira do Campeonato Nacional de Infantis, Iniciados e Juvenis nas vertentes de Kata e Kumit\u00e9. Esta prova foi organizada pela Associa\u00e7\u00e3o de Karat\u00e9 da Madeira (AKRAM), em parceria com a Federa\u00e7\u00e3o Nacional de Karat\u00e9 &#8211; Portugal (FNK-P) e Conselho de Arbitragem da referida federa\u00e7\u00e3o.<\/p>\n<p>Participaram cerca de 80 atletas em representa\u00e7\u00e3o de oito Clubes Regionais (Associa\u00e7\u00e3o Cultural e Desportiva Jardim da Serra \u2013 ACDJS, Associa\u00e7\u00e3o Desportiva de Machico &#8211; ADM, Associa\u00e7\u00e3o Desportiva do Porto da Cruz \u2013 ADPC, Associa\u00e7\u00e3o Shotokan Kokusai Santo Ant\u00f3nio &#8211; ASKKSA, Clube Desportivo Escola Secund\u00e1ria Santa Cruz &#8211; CDEBSSC, Clube Desportivo S\u00e3o Roque &#8211; CDSR, Clube Karat\u00e9 Cani\u00e7o \u2013 CKC, Clube Naval do Funchal \u2013 CNF). Desta prova sairam os representantes regionais para participar no Campeonato Nacional do respetivo escal\u00e3o e categoria, que se realiza em P\u00f3voa de Varzim no pr\u00f3ximo dia 19 de<br \/>\n Maio. De referir que, aproveitando a desloca\u00e7\u00e3o \u00e0 Madeira de um membro do Conselho de Arbitragem da Federa\u00e7\u00e3o Nacional de Karat\u00e9 &#8211; Portigal, Sensei Ant\u00f3nio Moreira, a AKRAM organizou uma reciclagem dirigida aos T\u00e9cnicos de Arbitragem, Treinadores e Atletas durante a manh\u00e3 do mesmo dia.<\/p>\n<p>Abaixo apresentamos os resultados mais relevantes desta, que \u00e9 umas das provas mais importantes da competi\u00e7\u00e3o Regional de Karat\u00e9 organizadas na Madeira.<\/p>\n<p><a href=\"http:\/\/www.akram.pt\/web\/wp-content\/uploads\/2018\/02\/Resultados-Regional-Website-2018.pdf\">Resultados Regional 2018<\/a><\/p>\n","protected":false},"excerpt":{"rendered":"<p>No passado dia 24 de Fevereiro de 2018 realizou-se no pavilh\u00e3o do Cani\u00e7o, a Fase Regional Madeira do Campeonato Nacional de Infantis, Iniciados e Juvenis nas vertentes de Kata e Kumit\u00e9. Esta prova foi organizada pela Associa\u00e7\u00e3o de Karat\u00e9 da Madeira (AKRAM), em parceria com a Federa\u00e7\u00e3o Nacional de Karat\u00e9 &#8211; Portugal (FNK-P) e Conselho<\/p>\n<p class=\"more-link\"><a href=\"https:\/\/www.akram.pt\/web\/2018\/02\/resultados-campeonato-nacional-fase-regional-madeira-infantis-iniciados-e-juvenis-2018\/\" class=\"themebutton\">Read More<\/a><\/p>\n","protected":false},"author":2,"featured_media":959,"comment_status":"closed","ping_status":"open","sticky":false,"template":"","format":"standard","meta":{"_crdt_document":"","_jetpack_memberships_contains_paid_content":false,"footnotes":""},"categories":[4,5],"tags":[],"class_list":["post-969","post","type-post","status-publish","format-standard","has-post-thumbnail","hentry","category-noticias","category-resultados"],"jetpack_featured_media_url":"https:\/\/i0.wp.com\/www.akram.pt\/web\/wp-content\/uploads\/2018\/02\/CartazTM_OpensMadeira_-_Kata_Kumite_Equipas_03Fev18.jpg?fit=2828%2C4000&ssl=1","jetpack_sharing_enabled":true,"_links":{"self":[{"href":"https:\/\/www.akram.pt\/web\/wp-json\/wp\/v2\/posts\/969","targetHints":{"allow":["GET"]}}],"collection":[{"href":"https:\/\/www.akram.pt\/web\/wp-json\/wp\/v2\/posts"}],"about":[{"href":"https:\/\/www.akram.pt\/web\/wp-json\/wp\/v2\/types\/post"}],"author":[{"embeddable":true,"href":"https:\/\/www.akram.pt\/web\/wp-json\/wp\/v2\/users\/2"}],"replies":[{"embeddable":true,"href":"https:\/\/www.akram.pt\/web\/wp-json\/wp\/v2\/comments?post=969"}],"version-history":[{"count":0,"href":"https:\/\/www.akram.pt\/web\/wp-json\/wp\/v2\/posts\/969\/revisions"}],"wp:featuredmedia":[{"embeddable":true,"href":"https:\/\/www.akram.pt\/web\/wp-json\/wp\/v2\/media\/959"}],"wp:attachment":[{"href":"https:\/\/www.akram.pt\/web\/wp-json\/wp\/v2\/media?parent=969"}],"wp:term":[{"taxonomy":"category","embeddable":true,"href":"https:\/\/www.akram.pt\/web\/wp-json\/wp\/v2\/categories?post=969"},{"taxonomy":"post_tag","embeddable":true,"href":"https:\/\/www.akram.pt\/web\/wp-json\/wp\/v2\/tags?post=969"}],"curies":[{"name":"wp","href":"https:\/\/api.w.org\/{rel}","templated":true}]}}