{"id":983,"date":"2018-03-11T19:07:21","date_gmt":"2018-03-11T19:07:21","guid":{"rendered":"http:\/\/www.akram.pt\/web\/?p=983"},"modified":"2018-03-11T21:27:33","modified_gmt":"2018-03-11T21:27:33","slug":"campeonato-nacional-de-clubes-2018","status":"publish","type":"post","link":"https:\/\/www.akram.pt\/web\/2018\/03\/campeonato-nacional-de-clubes-2018\/","title":{"rendered":"Campeonato Nacional de Clubes &#8211; 2018"},"content":{"rendered":"<p>Realizou-se hoje o Campeonato Nacional de Clubes &#8211; 2018 organizado pela Federa\u00e7\u00e3o Nacional de Karat\u00e9 &#8211; Portugal. Esta prova realizou-se em Ponte de Sor.<\/p>\n<p><a href=\"https:\/\/i0.wp.com\/www.akram.pt\/web\/wp-content\/uploads\/2018\/03\/comitiva_nacional_clubes_2018.jpg\" rel=\"lightbox[983]\"><img data-recalc-dims=\"1\" loading=\"lazy\" decoding=\"async\" data-attachment-id=\"984\" data-permalink=\"https:\/\/www.akram.pt\/web\/2018\/03\/campeonato-nacional-de-clubes-2018\/comitiva_nacional_clubes_2018\/#main\" data-orig-file=\"https:\/\/i0.wp.com\/www.akram.pt\/web\/wp-content\/uploads\/2018\/03\/comitiva_nacional_clubes_2018.jpg?fit=1024%2C768&amp;ssl=1\" data-orig-size=\"1024,768\" data-comments-opened=\"0\" data-image-meta=\"{&quot;aperture&quot;:&quot;0&quot;,&quot;credit&quot;:&quot;&quot;,&quot;camera&quot;:&quot;&quot;,&quot;caption&quot;:&quot;&quot;,&quot;created_timestamp&quot;:&quot;0&quot;,&quot;copyright&quot;:&quot;&quot;,&quot;focal_length&quot;:&quot;0&quot;,&quot;iso&quot;:&quot;0&quot;,&quot;shutter_speed&quot;:&quot;0&quot;,&quot;title&quot;:&quot;&quot;,&quot;orientation&quot;:&quot;0&quot;}\" data-image-title=\"comitiva_nacional_clubes_2018\" data-image-description=\"\" data-image-caption=\"\" data-large-file=\"https:\/\/i0.wp.com\/www.akram.pt\/web\/wp-content\/uploads\/2018\/03\/comitiva_nacional_clubes_2018.jpg?fit=1024%2C768&amp;ssl=1\" src=\"https:\/\/i0.wp.com\/www.akram.pt\/web\/wp-content\/uploads\/2018\/03\/comitiva_nacional_clubes_2018-300x225.jpg?resize=300%2C225\" class=\"size-medium wp-image-984\" width=\"300\" height=\"225\" alt=\"\" srcset=\"https:\/\/i0.wp.com\/www.akram.pt\/web\/wp-content\/uploads\/2018\/03\/comitiva_nacional_clubes_2018.jpg?resize=300%2C225&amp;ssl=1 300w, https:\/\/i0.wp.com\/www.akram.pt\/web\/wp-content\/uploads\/2018\/03\/comitiva_nacional_clubes_2018.jpg?resize=768%2C576&amp;ssl=1 768w, https:\/\/i0.wp.com\/www.akram.pt\/web\/wp-content\/uploads\/2018\/03\/comitiva_nacional_clubes_2018.jpg?w=1024&amp;ssl=1 1024w, https:\/\/i0.wp.com\/www.akram.pt\/web\/wp-content\/uploads\/2018\/03\/comitiva_nacional_clubes_2018.jpg?resize=380%2C285&amp;ssl=1 380w, https:\/\/i0.wp.com\/www.akram.pt\/web\/wp-content\/uploads\/2018\/03\/comitiva_nacional_clubes_2018.jpg?resize=285%2C214&amp;ssl=1 285w\" sizes=\"auto, (max-width: 300px) 100vw, 300px\" \/><\/a><\/p>\n<p>Neste evento registaram-se 552 inscric\u0327o\u0303es de atletas, 49 inscric\u0327o\u0303es de Treinadores, representando 70 Clubes oriundos de 37 Associac\u0327o\u0303es.<\/p>\n<p>A Madeira esteve representada nesta prova com equipas da ASKKSA e do CKC. A ASKKSA fez-se representar com uma equipa de Kata Juvenil Masculino e uma equipa de Kata Juvenil Feminina. O CKC esteve representado com equipas de kumit\u00e9 masculino nos escal\u00f5es de Juvenis e Cadetes\/J\u00faniores.<\/p>\n<div class=\"text_exposed_show\">\n<p>A Kata Equipa Juvenil Masculina da ASKKSA, composta por Bernardo Lopes, Francisco Ornelas e Gon\u00e7alo Pilco sagraram-se Vice-Campe\u00f5es Nacionais, revalidando, assim, o t\u00edtulo conseguido na \u00e9poca passada.<\/p>\n<p>A Kata Equipa Juvenil Feminino da ASKKSA, composta por Catarina Trindade, Nadja Pilco e Beatriz Martins, obtiveram a Medalha de Bronze, tendo tido melhores performances, tanto a n\u00edvel t\u00e9cnico como f\u00edsico, em rela\u00e7\u00e3o a edi\u00e7\u00e3o anterior.<\/p>\n<p>A equipa de Kumite Juvenil do CKC, composta pelos atletas Dmitry Guillen, Ant\u00f3nio Freitas, Rui Sousa e Bartolomeu Baptista, ultrapassou 2 eliminat\u00f3rias, tendo perdido a ter\u00e7a com uma das equipas finalistas. Nas repescagens, n\u00e3o conseguiu ultrapassar o clube GCV, conquistando assim o 5.\u00ba lugar da classifica\u00e7\u00e3o.<\/p>\n<p>A equipa de Kumit\u00e9 Cadete\/J\u00fanior, tamb\u00e9m do CKC, composta pelos atletas Paulo Sousa, Mateus Abreu e David Moreira perderam contra o clube AJKP e n\u00e3o viria a ser repescada.<\/p>\n<p>Com a comitiva, estiveram os treinadores Liliana F\u00e9lix e Rafael Jardim a orientar os atletas nesta prova.<\/p>\n<\/div>\n<p>\u00a0<\/p>\n","protected":false},"excerpt":{"rendered":"<p>Realizou-se hoje o Campeonato Nacional de Clubes &#8211; 2018 organizado pela Federa\u00e7\u00e3o Nacional de Karat\u00e9 &#8211; Portugal. Esta prova realizou-se em Ponte de Sor. Neste evento registaram-se 552 inscric\u0327o\u0303es de atletas, 49 inscric\u0327o\u0303es de Treinadores, representando 70 Clubes oriundos de 37 Associac\u0327o\u0303es. A Madeira esteve representada nesta prova com equipas da ASKKSA e do CKC.<\/p>\n<p class=\"more-link\"><a href=\"https:\/\/www.akram.pt\/web\/2018\/03\/campeonato-nacional-de-clubes-2018\/\" class=\"themebutton\">Read More<\/a><\/p>\n","protected":false},"author":2,"featured_media":0,"comment_status":"closed","ping_status":"open","sticky":false,"template":"","format":"standard","meta":{"_crdt_document":"","_jetpack_memberships_contains_paid_content":false,"footnotes":""},"categories":[4,5],"tags":[],"class_list":["post-983","post","type-post","status-publish","format-standard","hentry","category-noticias","category-resultados"],"jetpack_featured_media_url":"","jetpack_sharing_enabled":true,"_links":{"self":[{"href":"https:\/\/www.akram.pt\/web\/wp-json\/wp\/v2\/posts\/983","targetHints":{"allow":["GET"]}}],"collection":[{"href":"https:\/\/www.akram.pt\/web\/wp-json\/wp\/v2\/posts"}],"about":[{"href":"https:\/\/www.akram.pt\/web\/wp-json\/wp\/v2\/types\/post"}],"author":[{"embeddable":true,"href":"https:\/\/www.akram.pt\/web\/wp-json\/wp\/v2\/users\/2"}],"replies":[{"embeddable":true,"href":"https:\/\/www.akram.pt\/web\/wp-json\/wp\/v2\/comments?post=983"}],"version-history":[{"count":0,"href":"https:\/\/www.akram.pt\/web\/wp-json\/wp\/v2\/posts\/983\/revisions"}],"wp:attachment":[{"href":"https:\/\/www.akram.pt\/web\/wp-json\/wp\/v2\/media?parent=983"}],"wp:term":[{"taxonomy":"category","embeddable":true,"href":"https:\/\/www.akram.pt\/web\/wp-json\/wp\/v2\/categories?post=983"},{"taxonomy":"post_tag","embeddable":true,"href":"https:\/\/www.akram.pt\/web\/wp-json\/wp\/v2\/tags?post=983"}],"curies":[{"name":"wp","href":"https:\/\/api.w.org\/{rel}","templated":true}]}}