{"id":992,"date":"2018-03-22T23:05:52","date_gmt":"2018-03-22T23:05:52","guid":{"rendered":"http:\/\/www.akram.pt\/web\/2018\/03\/iii-liga-olimpica-de-karate-2017-18\/"},"modified":"2018-03-22T23:13:33","modified_gmt":"2018-03-22T23:13:33","slug":"iii-liga-olimpica-de-karate-2017-18","status":"publish","type":"post","link":"https:\/\/www.akram.pt\/web\/2018\/03\/iii-liga-olimpica-de-karate-2017-18\/","title":{"rendered":"III Liga Ol\u00edmpica de Karat\u00e9 &#8211; 2017\/18"},"content":{"rendered":"<p><img data-recalc-dims=\"1\" loading=\"lazy\" decoding=\"async\" data-attachment-id=\"993\" data-permalink=\"https:\/\/www.akram.pt\/web\/2018\/03\/iii-liga-olimpica-de-karate-2017-18\/img_0553\/#main\" data-orig-file=\"https:\/\/i0.wp.com\/www.akram.pt\/web\/wp-content\/uploads\/2018\/03\/img_0553.jpg?fit=1243%2C1755&amp;ssl=1\" data-orig-size=\"1243,1755\" data-comments-opened=\"0\" data-image-meta=\"{&quot;aperture&quot;:&quot;0&quot;,&quot;credit&quot;:&quot;&quot;,&quot;camera&quot;:&quot;&quot;,&quot;caption&quot;:&quot;&quot;,&quot;created_timestamp&quot;:&quot;0&quot;,&quot;copyright&quot;:&quot;&quot;,&quot;focal_length&quot;:&quot;0&quot;,&quot;iso&quot;:&quot;0&quot;,&quot;shutter_speed&quot;:&quot;0&quot;,&quot;title&quot;:&quot;&quot;,&quot;orientation&quot;:&quot;1&quot;}\" data-image-title=\"img_0553\" data-image-description=\"\" data-image-caption=\"\" data-large-file=\"https:\/\/i0.wp.com\/www.akram.pt\/web\/wp-content\/uploads\/2018\/03\/img_0553.jpg?fit=725%2C1024&amp;ssl=1\" src=\"https:\/\/i0.wp.com\/www.akram.pt\/web\/wp-content\/uploads\/2018\/03\/img_0553.jpg?resize=1170%2C1652\" class=\"wp-image-993 size-full\" height=\"1652\" width=\"1170\" srcset=\"https:\/\/i0.wp.com\/www.akram.pt\/web\/wp-content\/uploads\/2018\/03\/img_0553.jpg?w=1243&amp;ssl=1 1243w, https:\/\/i0.wp.com\/www.akram.pt\/web\/wp-content\/uploads\/2018\/03\/img_0553.jpg?resize=212%2C300&amp;ssl=1 212w, https:\/\/i0.wp.com\/www.akram.pt\/web\/wp-content\/uploads\/2018\/03\/img_0553.jpg?resize=768%2C1084&amp;ssl=1 768w, https:\/\/i0.wp.com\/www.akram.pt\/web\/wp-content\/uploads\/2018\/03\/img_0553.jpg?resize=725%2C1024&amp;ssl=1 725w\" sizes=\"auto, (max-width: 1170px) 100vw, 1170px\" \/><\/p>\n<p>No pr\u00f3ximo dia 24 de mar\u00e7o a Federa\u00e7\u00e3o Nacional de Karat\u00e9 organiza em Gondomar a III Liga Ol\u00edmpica.<\/p>\n<p>Da Madeira viajam os atletas Clara Vasconcelos, Jo\u00e3o Casimiro da Associa\u00e7ao Shotokan Kokusai Karate Santo Ant\u00f3nio e David Moreira, Henrique Ferreira, Ricardo Viveiros, Mariana Rodrigues, M\u00e1t\u00e9 Szepesi, Mateus Abreu, Paulo Sousa do Clube Karat\u00e9 Cani\u00e7o. Todos estes atletas ser\u00e3o acompanhados pelos treinadores PEP, Rafael Jardim e Liliana Felix.<\/p>\n<p>A AKRAM deseja uma boa prova a todos estes atletas em representa\u00e7\u00e3o do Karat\u00e9 Regional.<\/p>\n","protected":false},"excerpt":{"rendered":"<p>No pr\u00f3ximo dia 24 de mar\u00e7o a Federa\u00e7\u00e3o Nacional de Karat\u00e9 organiza em Gondomar a III Liga Ol\u00edmpica. Da Madeira viajam os atletas Clara Vasconcelos, Jo\u00e3o Casimiro da Associa\u00e7ao Shotokan Kokusai Karate Santo Ant\u00f3nio e David Moreira, Henrique Ferreira, Ricardo Viveiros, Mariana Rodrigues, M\u00e1t\u00e9 Szepesi, Mateus Abreu, Paulo Sousa do Clube Karat\u00e9 Cani\u00e7o. Todos estes<\/p>\n<p class=\"more-link\"><a href=\"https:\/\/www.akram.pt\/web\/2018\/03\/iii-liga-olimpica-de-karate-2017-18\/\" class=\"themebutton\">Read More<\/a><\/p>\n","protected":false},"author":2,"featured_media":993,"comment_status":"closed","ping_status":"open","sticky":false,"template":"","format":"standard","meta":{"_crdt_document":"","_jetpack_memberships_contains_paid_content":false,"footnotes":""},"categories":[4],"tags":[],"class_list":["post-992","post","type-post","status-publish","format-standard","has-post-thumbnail","hentry","category-noticias"],"jetpack_featured_media_url":"https:\/\/i0.wp.com\/www.akram.pt\/web\/wp-content\/uploads\/2018\/03\/img_0553.jpg?fit=1243%2C1755&ssl=1","jetpack_sharing_enabled":true,"_links":{"self":[{"href":"https:\/\/www.akram.pt\/web\/wp-json\/wp\/v2\/posts\/992","targetHints":{"allow":["GET"]}}],"collection":[{"href":"https:\/\/www.akram.pt\/web\/wp-json\/wp\/v2\/posts"}],"about":[{"href":"https:\/\/www.akram.pt\/web\/wp-json\/wp\/v2\/types\/post"}],"author":[{"embeddable":true,"href":"https:\/\/www.akram.pt\/web\/wp-json\/wp\/v2\/users\/2"}],"replies":[{"embeddable":true,"href":"https:\/\/www.akram.pt\/web\/wp-json\/wp\/v2\/comments?post=992"}],"version-history":[{"count":0,"href":"https:\/\/www.akram.pt\/web\/wp-json\/wp\/v2\/posts\/992\/revisions"}],"wp:featuredmedia":[{"embeddable":true,"href":"https:\/\/www.akram.pt\/web\/wp-json\/wp\/v2\/media\/993"}],"wp:attachment":[{"href":"https:\/\/www.akram.pt\/web\/wp-json\/wp\/v2\/media?parent=992"}],"wp:term":[{"taxonomy":"category","embeddable":true,"href":"https:\/\/www.akram.pt\/web\/wp-json\/wp\/v2\/categories?post=992"},{"taxonomy":"post_tag","embeddable":true,"href":"https:\/\/www.akram.pt\/web\/wp-json\/wp\/v2\/tags?post=992"}],"curies":[{"name":"wp","href":"https:\/\/api.w.org\/{rel}","templated":true}]}}