{"id":996,"date":"2018-03-27T07:33:58","date_gmt":"2018-03-27T07:33:58","guid":{"rendered":"http:\/\/www.akram.pt\/web\/2018\/03\/iii-liga-olimpica-de-karate-2017-18-2\/"},"modified":"2018-03-27T22:07:55","modified_gmt":"2018-03-27T22:07:55","slug":"iii-liga-olimpica-de-karate-2017-18-2","status":"publish","type":"post","link":"https:\/\/www.akram.pt\/web\/2018\/03\/iii-liga-olimpica-de-karate-2017-18-2\/","title":{"rendered":"Tr\u00eas p\u00f3dios e uma final madeirense na III Liga Ol\u00edmpica de Karate &#8211; 2017\/18"},"content":{"rendered":"<p>No passado dia 24 de mar\u00e7o a Federa\u00e7\u00e3o Nacional de Karat\u00e9 organizou em Gondomar a III Liga Ol\u00edmpica, onde se destacaram os atletas Jo\u00e3o Casimiro e Henrique Ferreira que disputaram a final na vertente Kata Juniores..<\/p>\n<p>Da Madeira viajaram os atletas Clara Vasconcelos, Jo\u00e3o Casimiro da Associa\u00e7ao Shotokan Kokusai Karate Santo Ant\u00f3nio e David Moreira, Henrique Ferreira, Ricardo Viveiros, Mariana Rodrigues, M\u00e1t\u00e9 Szepesi, Mateus Abreu, Paulo Sousa do Clube Karat\u00e9 Cani\u00e7o. Todos estes atletas foram acompanhados pelos treinadores PEP, Rafael Jardim e Liliana Felix.<\/p>\n<p><img data-recalc-dims=\"1\" loading=\"lazy\" decoding=\"async\" data-attachment-id=\"995\" data-permalink=\"https:\/\/www.akram.pt\/web\/2018\/03\/iii-liga-olimpica-de-karate-2017-18-2\/img_0694\/#main\" data-orig-file=\"https:\/\/i0.wp.com\/www.akram.pt\/web\/wp-content\/uploads\/2018\/03\/img_0694.jpg?fit=2016%2C1512&amp;ssl=1\" data-orig-size=\"2016,1512\" data-comments-opened=\"0\" data-image-meta=\"{&quot;aperture&quot;:&quot;0&quot;,&quot;credit&quot;:&quot;&quot;,&quot;camera&quot;:&quot;&quot;,&quot;caption&quot;:&quot;&quot;,&quot;created_timestamp&quot;:&quot;0&quot;,&quot;copyright&quot;:&quot;&quot;,&quot;focal_length&quot;:&quot;0&quot;,&quot;iso&quot;:&quot;0&quot;,&quot;shutter_speed&quot;:&quot;0&quot;,&quot;title&quot;:&quot;&quot;,&quot;orientation&quot;:&quot;1&quot;}\" data-image-title=\"img_0694\" data-image-description=\"\" data-image-caption=\"\" data-large-file=\"https:\/\/i0.wp.com\/www.akram.pt\/web\/wp-content\/uploads\/2018\/03\/img_0694.jpg?fit=1024%2C768&amp;ssl=1\" class=\"wp-image-995 size-large\" src=\"https:\/\/i0.wp.com\/www.akram.pt\/web\/wp-content\/uploads\/2018\/03\/img_0694.jpg?resize=1170%2C878\" width=\"1170\" height=\"878\" srcset=\"https:\/\/i0.wp.com\/www.akram.pt\/web\/wp-content\/uploads\/2018\/03\/img_0694.jpg?w=2016&amp;ssl=1 2016w, https:\/\/i0.wp.com\/www.akram.pt\/web\/wp-content\/uploads\/2018\/03\/img_0694.jpg?resize=300%2C225&amp;ssl=1 300w, https:\/\/i0.wp.com\/www.akram.pt\/web\/wp-content\/uploads\/2018\/03\/img_0694.jpg?resize=768%2C576&amp;ssl=1 768w, https:\/\/i0.wp.com\/www.akram.pt\/web\/wp-content\/uploads\/2018\/03\/img_0694.jpg?resize=1024%2C768&amp;ssl=1 1024w, https:\/\/i0.wp.com\/www.akram.pt\/web\/wp-content\/uploads\/2018\/03\/img_0694.jpg?resize=380%2C285&amp;ssl=1 380w, https:\/\/i0.wp.com\/www.akram.pt\/web\/wp-content\/uploads\/2018\/03\/img_0694.jpg?resize=285%2C214&amp;ssl=1 285w\" sizes=\"auto, (max-width: 1170px) 100vw, 1170px\" \/><\/p>\n<p>Na prova de Kara Cadetes, M\u00e1t\u00e9 Szepsi e Clara Vasconcelos tiveram boas presta\u00e7\u00f5es, tendo demonstrado aumento nas suas performances em rela\u00e7\u00e3o a 2.\u00aa jornada. Mate ganharia 1 combate, por 3\/2 e a Clara ganharia 2 combates, 5\/0 e 4\/1, obtendo assim o 7.\u00ba lugar na jornada.<\/p>\n<p>Mariana Rodrigues, em Kata J\u00fanior Feminino, ganharia 1 combate por 4\/1, obtendo assim o 3.\u00ba lugar na jornada.<\/p>\n<p>Em Kata Juniores Masculinos Henrique Ferreira e Jo\u00e3o Casimiro, foram os melhores Juniores. Henrique Ferreira ganhou por 3\/2,3\/2 e 5\/0 , perdendo apenas um combate por 4\/1, obtendo assim o 2.\u00aa lugar na jornada. Jo\u00e3o Casimiro, ganharia os 4 combates por 5\/1, 5\/0, 4\/1, 5\/0 sagrando-se assim campe\u00e3o da jornada.<\/p>\n<p>Na vertente de kumite, o David Moreira perdeu um combate no hentei 5\/0, e ganhou o segundo, n\u00e3o passando \u00e0 fase de grupos.<\/p>\n<p>O Mateus venceu dois jogos e perdeu um na fase de grupos, no acesso ao terceiro lugar foi derrotado ficando em 4o contra um karateca de Vila Nova de Gaia.<\/p>\n<p>A AKRAM d\u00e1 os parab\u00e9ns aos atletas Jo\u00e3o Casimiro, Henrique Ferreira e Mariana Rodrigues pelos p\u00f3dios obtidos.<\/p>\n","protected":false},"excerpt":{"rendered":"<p>No passado dia 24 de mar\u00e7o a Federa\u00e7\u00e3o Nacional de Karat\u00e9 organizou em Gondomar a III Liga Ol\u00edmpica, onde se destacaram os atletas Jo\u00e3o Casimiro e Henrique Ferreira que disputaram a final na vertente Kata Juniores.. Da Madeira viajaram os atletas Clara Vasconcelos, Jo\u00e3o Casimiro da Associa\u00e7ao Shotokan Kokusai Karate Santo Ant\u00f3nio e David Moreira,<\/p>\n<p class=\"more-link\"><a href=\"https:\/\/www.akram.pt\/web\/2018\/03\/iii-liga-olimpica-de-karate-2017-18-2\/\" class=\"themebutton\">Read More<\/a><\/p>\n","protected":false},"author":2,"featured_media":993,"comment_status":"closed","ping_status":"open","sticky":false,"template":"","format":"standard","meta":{"_crdt_document":"","_jetpack_memberships_contains_paid_content":false,"footnotes":""},"categories":[4,5],"tags":[],"class_list":["post-996","post","type-post","status-publish","format-standard","has-post-thumbnail","hentry","category-noticias","category-resultados"],"jetpack_featured_media_url":"https:\/\/i0.wp.com\/www.akram.pt\/web\/wp-content\/uploads\/2018\/03\/img_0553.jpg?fit=1243%2C1755&ssl=1","jetpack_sharing_enabled":true,"_links":{"self":[{"href":"https:\/\/www.akram.pt\/web\/wp-json\/wp\/v2\/posts\/996","targetHints":{"allow":["GET"]}}],"collection":[{"href":"https:\/\/www.akram.pt\/web\/wp-json\/wp\/v2\/posts"}],"about":[{"href":"https:\/\/www.akram.pt\/web\/wp-json\/wp\/v2\/types\/post"}],"author":[{"embeddable":true,"href":"https:\/\/www.akram.pt\/web\/wp-json\/wp\/v2\/users\/2"}],"replies":[{"embeddable":true,"href":"https:\/\/www.akram.pt\/web\/wp-json\/wp\/v2\/comments?post=996"}],"version-history":[{"count":0,"href":"https:\/\/www.akram.pt\/web\/wp-json\/wp\/v2\/posts\/996\/revisions"}],"wp:featuredmedia":[{"embeddable":true,"href":"https:\/\/www.akram.pt\/web\/wp-json\/wp\/v2\/media\/993"}],"wp:attachment":[{"href":"https:\/\/www.akram.pt\/web\/wp-json\/wp\/v2\/media?parent=996"}],"wp:term":[{"taxonomy":"category","embeddable":true,"href":"https:\/\/www.akram.pt\/web\/wp-json\/wp\/v2\/categories?post=996"},{"taxonomy":"post_tag","embeddable":true,"href":"https:\/\/www.akram.pt\/web\/wp-json\/wp\/v2\/tags?post=996"}],"curies":[{"name":"wp","href":"https:\/\/api.w.org\/{rel}","templated":true}]}}